{"id":1289,"date":"2016-02-16T09:21:23","date_gmt":"2016-02-16T07:21:23","guid":{"rendered":"http:\/\/www.escueladelvidrio.org\/?p=1289"},"modified":"2023-01-20T11:44:37","modified_gmt":"2023-01-20T09:44:37","slug":"school-for-parents-started-at-escuela-del-vidrio","status":"publish","type":"post","link":"https:\/\/www.fundacionveron.org\/en\/school-for-parents-started-at-escuela-del-vidrio\/","title":{"rendered":"SCHOOL FOR PARENTS Started at Escuela del Vidrio"},"content":{"rendered":"<h3 style=\"text-align: justify;\">ESCUELA DE PADRES &#8211; SCHOOL FOR PARENTS at Escuela del Vidrio<\/h3>\n<p>[column size=\u00bbhalf\u00bb last=\u00bbno\u00bb]<img loading=\"lazy\" decoding=\"async\" class=\"size-medium wp-image-1193 alignleft\" src=\"http:\/\/www.escueladelvidrio.org\/wp-content\/uploads\/2015\/03\/DSC04354-300x225.jpg\" alt=\"DSC04354\" width=\"300\" height=\"225\" \/><\/p>\n<p style=\"text-align: justify;\">Contarles que ya se imparti\u00f3 la primera escuela para padres con el tema<strong> \u201cPASOS PARA CONSOLIDAR UN HABITO DE TRABAJO EN CASA\u201d<\/strong>, la cual fue de mucho provecho y participaci\u00f3n de los padres y alumnos, tambi\u00e9n se imparti\u00f3 la primera Capacitaci\u00f3n programada por el departamento de orientaci\u00f3n\u00a0 con los estudiantes de toda la escuela denominada \u201c<strong>LA FAMILIA, EL AMBIENTE EDUCATIVO Y LA COMUNIDAD. \u201c <\/strong>Impartido por el Lic. Jos\u00e9 Luis Henr\u00edquez.<\/p>\n<p style=\"text-align: justify;\">[column size=\u00bbhalf\u00bb last=\u00bbyes\u00bb]<\/p>\n<p style=\"text-align: justify;\">[\/column]<\/p>\n<p style=\"text-align: justify;\"><span style=\"color: #008000;\">This February 2016 we imparted the first work day of Schoo of Parents with the theme \u00abSTEPS TO CONSOLIDATE A WORK HABIT AT HOME\u00bb which was very productive. P\u00e2rents and students were highly participative. Moreover we gave the first programed training by the Orientation Department to our students named \u00abTHE FAMILY, THE EDUCATIVE AMBIENCE AND THE COMMUNITY\u00bb by Jos\u00e9 Luis Henr\u00edquez.<\/span><\/p>","protected":false},"excerpt":{"rendered":"<p>ESCUELA DE PADRES &#8211; SCHOOL FOR PARENTS at Escuela del Vidrio [column size=\u00bbhalf\u00bb last=\u00bbno\u00bb] Contarles&#8230;<\/p>","protected":false},"author":8,"featured_media":1193,"comment_status":"open","ping_status":"open","sticky":false,"template":"","format":"standard","meta":{"_monsterinsights_skip_tracking":false,"_monsterinsights_sitenote_active":false,"_monsterinsights_sitenote_note":"","_monsterinsights_sitenote_category":0,"_price":"","_stock":"","_tribe_ticket_header":"","_tribe_default_ticket_provider":"","_ticket_start_date":"","_ticket_end_date":"","_tribe_ticket_show_description":"","_tribe_ticket_show_not_going":false,"_tribe_ticket_use_global_stock":"","_tribe_ticket_global_stock_level":"","_global_stock_mode":"","_global_stock_cap":"","_tribe_rsvp_for_event":"","_tribe_ticket_going_count":"","_tribe_ticket_not_going_count":"","_tribe_tickets_list":"[]","_tribe_ticket_has_attendee_info_fields":false,"footnotes":""},"categories":[421],"tags":[],"class_list":["post-1289","post","type-post","status-publish","format-standard","has-post-thumbnail","hentry","category-escuela-de-vidrio"],"wpcf_dashboard":"<div class=\"woocommerce\"><div class=\"woocommerce-info\">Please log in first? <a class=\"wpneoShowLogin\" href=\"#\">Click here to login<\/a><\/div><div class=\"wpneo_login_form_div\" style=\"display: none;\"><form name=\"loginform\" id=\"loginform\" action=\"https:\/\/www.fundacionveron.org\/en\/gestion\/\" method=\"post\"><p class=\"login-username\">\n\t\t\t\t<label for=\"user_login\">Username or Email Address<\/label>\n\t\t\t\t<input type=\"text\" name=\"log\" id=\"user_login\" autocomplete=\"username\" class=\"input\" value=\"\" size=\"20\" \/>\n\t\t\t<\/p><p class=\"login-password\">\n\t\t\t\t<label for=\"user_pass\">Password<\/label>\n\t\t\t\t<input type=\"password\" name=\"pwd\" id=\"user_pass\" autocomplete=\"current-password\" spellcheck=\"false\" class=\"input\" value=\"\" size=\"20\" \/>\n\t\t\t<\/p><p class=\"login-remember\"><label><input name=\"rememberme\" type=\"checkbox\" id=\"rememberme\" value=\"forever\" \/> Remember Me<\/label><\/p><p class=\"login-submit\">\n\t\t\t\t<input type=\"submit\" name=\"wp-submit\" id=\"wp-submit\" class=\"button button-primary\" value=\"Log In\" \/>\n\t\t\t\t<input type=\"hidden\" name=\"redirect_to\" value=\"https:\/\/www.fundacionveron.org\/en\/wp-json\/wp\/v2\/posts\/1289\" \/>\n\t\t\t<\/p><\/form><\/div><\/div>","_links":{"self":[{"href":"https:\/\/www.fundacionveron.org\/en\/wp-json\/wp\/v2\/posts\/1289","targetHints":{"allow":["GET"]}}],"collection":[{"href":"https:\/\/www.fundacionveron.org\/en\/wp-json\/wp\/v2\/posts"}],"about":[{"href":"https:\/\/www.fundacionveron.org\/en\/wp-json\/wp\/v2\/types\/post"}],"author":[{"embeddable":true,"href":"https:\/\/www.fundacionveron.org\/en\/wp-json\/wp\/v2\/users\/8"}],"replies":[{"embeddable":true,"href":"https:\/\/www.fundacionveron.org\/en\/wp-json\/wp\/v2\/comments?post=1289"}],"version-history":[{"count":0,"href":"https:\/\/www.fundacionveron.org\/en\/wp-json\/wp\/v2\/posts\/1289\/revisions"}],"wp:featuredmedia":[{"embeddable":true,"href":"https:\/\/www.fundacionveron.org\/en\/wp-json\/"}],"wp:attachment":[{"href":"https:\/\/www.fundacionveron.org\/en\/wp-json\/wp\/v2\/media?parent=1289"}],"wp:term":[{"taxonomy":"category","embeddable":true,"href":"https:\/\/www.fundacionveron.org\/en\/wp-json\/wp\/v2\/categories?post=1289"},{"taxonomy":"post_tag","embeddable":true,"href":"https:\/\/www.fundacionveron.org\/en\/wp-json\/wp\/v2\/tags?post=1289"}],"curies":[{"name":"wp","href":"https:\/\/api.w.org\/{rel}","templated":true}]}}