{"id":1284,"date":"2016-02-15T16:49:16","date_gmt":"2016-02-15T14:49:16","guid":{"rendered":"http:\/\/www.escueladelvidrio.org\/?p=1284"},"modified":"2023-01-20T11:44:37","modified_gmt":"2023-01-20T09:44:37","slug":"campaign-against-zika","status":"publish","type":"post","link":"https:\/\/www.fundacionveron.org\/en\/campaign-against-zika\/","title":{"rendered":"CAMPAIGN AGAINST ZIKA"},"content":{"rendered":"<h6 style=\"text-align: justify;\">CAMPA\u00d1A TODOS CONTRA EL ZIKA &#8211; CAMPAIGN AGAIST ZIKA<\/h6>\n<p style=\"text-align: justify;\">\u00a0 \u00a0 \u00a0<img loading=\"lazy\" decoding=\"async\" class=\"alignnone size-medium wp-image-1272\" src=\"http:\/\/www.escueladelvidrio.org\/wp-content\/uploads\/2016\/02\/IMG-20160212-WA0002-300x225.jpg\" alt=\"IMG-20160212-WA0002\" width=\"300\" height=\"225\" \/> <img loading=\"lazy\" decoding=\"async\" class=\"alignnone size-medium wp-image-1274\" src=\"http:\/\/www.escueladelvidrio.org\/wp-content\/uploads\/2016\/02\/IMG-20160212-WA0004-300x225.jpg\" alt=\"IMG-20160212-WA0004\" width=\"300\" height=\"225\" \/> <img loading=\"lazy\" decoding=\"async\" class=\"alignnone size-medium wp-image-1275\" src=\"http:\/\/www.escueladelvidrio.org\/wp-content\/uploads\/2016\/02\/IMG-20160212-WA0005-300x225.jpg\" alt=\"IMG-20160212-WA0005\" width=\"300\" height=\"225\" \/><\/p>\n<h6 style=\"text-align: justify;\"><strong>Tambi\u00e9n queremos contarles que se han desarrollado diferentes murales para hacer conciencia de las enfermedades que son trasmitidas por picaduras de insectos, los cuales fueron elaborados por los estudiantes de I, II y III de Vidrio y I de Gastronom\u00eda (GHT), con esto nos estamos involucrando en la emergencia nacional.<\/strong><\/h6>\n<p style=\"text-align: justify;\">We also want to share with you we designed with students different themathic murals to sensitivize about the transmited deseases by insects, as it is a national emergency nowadays.<\/p>\n<h6 style=\"text-align: justify;\"><img loading=\"lazy\" decoding=\"async\" class=\"size-medium wp-image-1273 alignright\" src=\"http:\/\/www.escueladelvidrio.org\/wp-content\/uploads\/2016\/02\/IMG-20160212-WA0003-225x300.jpg\" alt=\"IMG-20160212-WA0003\" width=\"225\" height=\"300\" \/>El patronato de la comunidad de Camalote se reuni\u00f3 con nosotros, al igual que con otros centros educativos del sector, para programar la campa\u00f1a TODOS CONTRA EL ZIKA, enfermedad que est\u00e1 afectando a todo nuestro pa\u00eds,\u00a0 es por eso que nosotros como escuela ense\u00f1amos a nuestros j\u00f3venes que es necesario el trabajo en equipo y que en todo momento debemos colaborar con la comunidad donde vivimos. Y para eso el d\u00eda 20 de febrero estaremos participando en dicha actividad aqu\u00ed en la comunidad, porque es compromiso de todos los que formamos parte de la comunidad de Camalote.<\/h6>\n<p style=\"text-align: justify;\">Camalote Community Board had a meeting with us, and with the other educative centres of our area, to program the campaign ALL AGAINST ZIKA, a desease which is affecting our country. That&#8217;s why as School we are teaching our students the need of team working and that we need to collaborate with the community where we live in evey moment. For all this, the 20th of February we are participating in ALL AGAINST ZIKA in Camalote, because is everyone&#8217;s commitment.<\/p>","protected":false},"excerpt":{"rendered":"<p>CAMPA\u00d1A TODOS CONTRA EL ZIKA &#8211; CAMPAIGN AGAIST ZIKA \u00a0 \u00a0 \u00a0 Tambi\u00e9n queremos contarles&#8230;<\/p>","protected":false},"author":8,"featured_media":1275,"comment_status":"open","ping_status":"open","sticky":false,"template":"","format":"standard","meta":{"_monsterinsights_skip_tracking":false,"_monsterinsights_sitenote_active":false,"_monsterinsights_sitenote_note":"","_monsterinsights_sitenote_category":0,"_price":"","_stock":"","_tribe_ticket_header":"","_tribe_default_ticket_provider":"","_ticket_start_date":"","_ticket_end_date":"","_tribe_ticket_show_description":"","_tribe_ticket_show_not_going":false,"_tribe_ticket_use_global_stock":"","_tribe_ticket_global_stock_level":"","_global_stock_mode":"","_global_stock_cap":"","_tribe_rsvp_for_event":"","_tribe_ticket_going_count":"","_tribe_ticket_not_going_count":"","_tribe_tickets_list":"[]","_tribe_ticket_has_attendee_info_fields":false,"footnotes":""},"categories":[421],"tags":[],"class_list":["post-1284","post","type-post","status-publish","format-standard","has-post-thumbnail","hentry","category-escuela-de-vidrio"],"wpcf_dashboard":"<div class=\"woocommerce\"><div class=\"woocommerce-info\">Please log in first? <a class=\"wpneoShowLogin\" href=\"#\">Click here to login<\/a><\/div><div class=\"wpneo_login_form_div\" style=\"display: none;\"><form name=\"loginform\" id=\"loginform\" action=\"https:\/\/www.fundacionveron.org\/en\/gestion\/\" method=\"post\"><p class=\"login-username\">\n\t\t\t\t<label for=\"user_login\">Username or Email Address<\/label>\n\t\t\t\t<input type=\"text\" name=\"log\" id=\"user_login\" autocomplete=\"username\" class=\"input\" value=\"\" size=\"20\" \/>\n\t\t\t<\/p><p class=\"login-password\">\n\t\t\t\t<label for=\"user_pass\">Password<\/label>\n\t\t\t\t<input type=\"password\" name=\"pwd\" id=\"user_pass\" autocomplete=\"current-password\" spellcheck=\"false\" class=\"input\" value=\"\" size=\"20\" \/>\n\t\t\t<\/p><p class=\"login-remember\"><label><input name=\"rememberme\" type=\"checkbox\" id=\"rememberme\" value=\"forever\" \/> Remember Me<\/label><\/p><p class=\"login-submit\">\n\t\t\t\t<input type=\"submit\" name=\"wp-submit\" id=\"wp-submit\" class=\"button button-primary\" value=\"Log In\" \/>\n\t\t\t\t<input type=\"hidden\" name=\"redirect_to\" value=\"https:\/\/www.fundacionveron.org\/en\/wp-json\/wp\/v2\/posts\/1284\" \/>\n\t\t\t<\/p><\/form><\/div><\/div>","_links":{"self":[{"href":"https:\/\/www.fundacionveron.org\/en\/wp-json\/wp\/v2\/posts\/1284","targetHints":{"allow":["GET"]}}],"collection":[{"href":"https:\/\/www.fundacionveron.org\/en\/wp-json\/wp\/v2\/posts"}],"about":[{"href":"https:\/\/www.fundacionveron.org\/en\/wp-json\/wp\/v2\/types\/post"}],"author":[{"embeddable":true,"href":"https:\/\/www.fundacionveron.org\/en\/wp-json\/wp\/v2\/users\/8"}],"replies":[{"embeddable":true,"href":"https:\/\/www.fundacionveron.org\/en\/wp-json\/wp\/v2\/comments?post=1284"}],"version-history":[{"count":0,"href":"https:\/\/www.fundacionveron.org\/en\/wp-json\/wp\/v2\/posts\/1284\/revisions"}],"wp:featuredmedia":[{"embeddable":true,"href":"https:\/\/www.fundacionveron.org\/en\/wp-json\/"}],"wp:attachment":[{"href":"https:\/\/www.fundacionveron.org\/en\/wp-json\/wp\/v2\/media?parent=1284"}],"wp:term":[{"taxonomy":"category","embeddable":true,"href":"https:\/\/www.fundacionveron.org\/en\/wp-json\/wp\/v2\/categories?post=1284"},{"taxonomy":"post_tag","embeddable":true,"href":"https:\/\/www.fundacionveron.org\/en\/wp-json\/wp\/v2\/tags?post=1284"}],"curies":[{"name":"wp","href":"https:\/\/api.w.org\/{rel}","templated":true}]}}