{"id":1254,"date":"2018-02-26T09:31:54","date_gmt":"2018-02-26T07:31:54","guid":{"rendered":"https:\/\/www.fundacionveron.org\/?p=1254"},"modified":"2023-08-28T13:27:48","modified_gmt":"2023-08-28T11:27:48","slug":"franklynfebrero2018","status":"publish","type":"post","link":"https:\/\/www.fundacionveron.org\/en\/franklynfebrero2018\/","title":{"rendered":"Con noticias de Franklyn"},"content":{"rendered":"<p style=\"text-align: justify;\"><span style=\"font-weight: 400;\">La barber\u00eda de <\/span><b>Franklyn<\/b><span style=\"font-weight: 400;\"> cada vez est\u00e1 m\u00e1s afianzada, crece y tiene ya una clientela estable. Pero Franklyn no se acomoda y poco a poco va introduciendo reformas, mejoras, no s\u00f3lo para dejar guapos a quienes se ponen en sus manos, sino para que cuenten con m\u00e1s servicios que aumenten el atractivo del local.<\/span><\/p>\n<p style=\"text-align: justify;\"><span style=\"font-weight: 400;\">Con mentalidad emprendedora, nuestro ex alumno de la Escuela del Vidrio, ha invertido en hacer un \u201clavado de cara\u201d a su peluquer\u00eda: pintando, cambiando los espejos, incluyendo una silla para ni\u00f1os, renovando el \u00e1rea de espera con un juego de sof\u00e1, televisi\u00f3n y hasta wifi. Algo que creo que no es muy habitual por all\u00ed. <\/span><\/p>\n<p style=\"text-align: justify;\"><span style=\"font-weight: 400;\">Sigue siendo un local modesto, por supuesto, pero sus ganas, su apuesta, su seguridad, nos inspira, y nos gusta hablar de aqu\u00e9llos que como \u00e9l ,con un microcr\u00e9dito, son capaces de dar un nuevo rumbo a sus vidas. Ahora Franklyn es un activo de su comunidad que incluso tiene un ayudante. Su historia es afrontar el futuro peleando con las miras cada vez m\u00e1s altas, es un cambio de perspectiva, y le deseamos toda la suerte del mundo, aunque \u00a0siendo como es, sabemos que ya nada le parar\u00e1.<\/span><\/p>\n<p>&nbsp;<\/p>\n<p style=\"text-align: justify;\"><span style=\"font-weight: 400;\">Pero, ya que hemos hablado de rumbos, y aunque es m\u00e1s dif\u00edcil contactar directamente con \u00e9l, sabemos que <\/span><b>Carlos Odair<\/b><span style=\"font-weight: 400;\"> est\u00e1 trabajando en un crucero con base en Dubai. Era su sue\u00f1o, despu\u00e9s de finalizar su formaci\u00f3n en la Escuela del Vidrio, la Fundaci\u00f3n le ayud\u00f3 a realizar adem\u00e1s un curso de cocina, ingl\u00e9s y, por supuesto, marino, cuyos certificados le han posibilitado el trabajar en lo que quer\u00eda. Carlos ha conseguido as\u00ed mantener a su familia, que ha sido el motor de su progreso. Es fant\u00e1stico.<\/span><\/p>\n<p>&nbsp;<\/p>\n<p style=\"text-align: justify;\"><span style=\"font-weight: 400;\">La juventud de El Progreso (Honduras) es uno de los mayores retos de la Fundaci\u00f3n Ver\u00f3n, pero no como utop\u00eda, sino con nombres y apellidos, con vidas plenas, para evitar que caigan en la pobreza cr\u00f3nica, en redes de maras\u2026 En definitiva, dar cuenta de casos como \u00e9stos para animaros a colaborar, es un placer.<\/span><\/p>","protected":false},"excerpt":{"rendered":"<p>La barber\u00eda de Franklyn cada vez est\u00e1 m\u00e1s afianzada, crece y tiene ya una clientela&#8230;<\/p>","protected":false},"author":7,"featured_media":0,"comment_status":"closed","ping_status":"open","sticky":false,"template":"","format":"standard","meta":{"_monsterinsights_skip_tracking":false,"_monsterinsights_sitenote_active":false,"_monsterinsights_sitenote_note":"","_monsterinsights_sitenote_category":0,"_price":"","_stock":"","_tribe_ticket_header":"","_tribe_default_ticket_provider":"","_ticket_start_date":"","_ticket_end_date":"","_tribe_ticket_show_description":"","_tribe_ticket_show_not_going":false,"_tribe_ticket_use_global_stock":"","_tribe_ticket_global_stock_level":"","_global_stock_mode":"","_global_stock_cap":"","_tribe_rsvp_for_event":"","_tribe_ticket_going_count":"","_tribe_ticket_not_going_count":"","_tribe_tickets_list":"[]","_tribe_ticket_has_attendee_info_fields":false,"footnotes":""},"categories":[5],"tags":[71,173,23,116,72],"class_list":["post-1254","post","type-post","status-publish","format-standard","hentry","category-fundacion-veron-en-honduras","tag-emprendimiento","tag-emprendimiento-joven","tag-fundacion-veron","tag-microcredito","tag-microcreditos-al-desarrollo"],"wpcf_dashboard":"<div class=\"woocommerce\"><div class=\"woocommerce-info\">Please log in first? <a class=\"wpneoShowLogin\" href=\"#\">Click here to login<\/a><\/div><div class=\"wpneo_login_form_div\" style=\"display: none;\"><form name=\"loginform\" id=\"loginform\" action=\"https:\/\/www.fundacionveron.org\/en\/gestion\/\" method=\"post\"><p class=\"login-username\">\n\t\t\t\t<label for=\"user_login\">Username or Email Address<\/label>\n\t\t\t\t<input type=\"text\" name=\"log\" id=\"user_login\" autocomplete=\"username\" class=\"input\" value=\"\" size=\"20\" \/>\n\t\t\t<\/p><p class=\"login-password\">\n\t\t\t\t<label for=\"user_pass\">Password<\/label>\n\t\t\t\t<input type=\"password\" name=\"pwd\" id=\"user_pass\" autocomplete=\"current-password\" spellcheck=\"false\" class=\"input\" value=\"\" size=\"20\" \/>\n\t\t\t<\/p><p class=\"login-remember\"><label><input name=\"rememberme\" type=\"checkbox\" id=\"rememberme\" value=\"forever\" \/> Remember Me<\/label><\/p><p class=\"login-submit\">\n\t\t\t\t<input type=\"submit\" name=\"wp-submit\" id=\"wp-submit\" class=\"button button-primary\" value=\"Log In\" \/>\n\t\t\t\t<input type=\"hidden\" name=\"redirect_to\" value=\"https:\/\/www.fundacionveron.org\/en\/wp-json\/wp\/v2\/posts\/1254\" \/>\n\t\t\t<\/p><\/form><\/div><\/div>","_links":{"self":[{"href":"https:\/\/www.fundacionveron.org\/en\/wp-json\/wp\/v2\/posts\/1254","targetHints":{"allow":["GET"]}}],"collection":[{"href":"https:\/\/www.fundacionveron.org\/en\/wp-json\/wp\/v2\/posts"}],"about":[{"href":"https:\/\/www.fundacionveron.org\/en\/wp-json\/wp\/v2\/types\/post"}],"author":[{"embeddable":true,"href":"https:\/\/www.fundacionveron.org\/en\/wp-json\/wp\/v2\/users\/7"}],"replies":[{"embeddable":true,"href":"https:\/\/www.fundacionveron.org\/en\/wp-json\/wp\/v2\/comments?post=1254"}],"version-history":[{"count":0,"href":"https:\/\/www.fundacionveron.org\/en\/wp-json\/wp\/v2\/posts\/1254\/revisions"}],"wp:attachment":[{"href":"https:\/\/www.fundacionveron.org\/en\/wp-json\/wp\/v2\/media?parent=1254"}],"wp:term":[{"taxonomy":"category","embeddable":true,"href":"https:\/\/www.fundacionveron.org\/en\/wp-json\/wp\/v2\/categories?post=1254"},{"taxonomy":"post_tag","embeddable":true,"href":"https:\/\/www.fundacionveron.org\/en\/wp-json\/wp\/v2\/tags?post=1254"}],"curies":[{"name":"wp","href":"https:\/\/api.w.org\/{rel}","templated":true}]}}