{"id":1249,"date":"2018-02-26T09:26:30","date_gmt":"2018-02-26T07:26:30","guid":{"rendered":"https:\/\/www.fundacionveron.org\/?p=1249"},"modified":"2023-08-28T13:28:30","modified_gmt":"2023-08-28T11:28:30","slug":"donacionmaquinaria2018","status":"publish","type":"post","link":"https:\/\/www.fundacionveron.org\/en\/donacionmaquinaria2018\/","title":{"rendered":"Donaci\u00f3n de Maquinaria al Centro T\u00e9cnico Loyola de Honduras"},"content":{"rendered":"<h4 style=\"text-align: justify;\">Entre todos es m\u00e1s f\u00e1cil #PorqueTodoCuenta<\/h4>\n<p style=\"text-align: justify;\"><span style=\"font-weight: 400;\">Si el principal objetivo de la Fundaci\u00f3n Ver\u00f3n en Honduras es <\/span><span style=\"text-decoration: underline;\"><a href=\"http:\/\/www.escueladelvidrio.org\/\"><b>La Escuela del Vidrio<\/b><\/a><\/span><span style=\"font-weight: 400;\">, no nos podemos olvidar de su prima hermana <\/span><span style=\"text-decoration: underline;\"><a href=\"https:\/\/es-la.facebook.com\/Centro-Tecnico-Loyola-El-Progreso-Yoro-1495169774101821\/\"><b>El Centro T\u00e9cnico de Loyola<\/b><\/a><\/span><span style=\"font-weight: 400;\">. Tiene tambi\u00e9n como fin la formaci\u00f3n que permite la inserci\u00f3n laboral de j\u00f3venes de escasos recursos y pertenece a la <\/span><span style=\"text-decoration: underline;\"><a href=\"https:\/\/feyalegria.us\/es\/los-proyectos\/honduras\/\"><b>Fundaci\u00f3n Fe y Alegr\u00eda en Honduras<\/b><\/a><\/span><\/p>\n<p style=\"text-align: justify;\"><span style=\"font-weight: 400;\">Nuestra relaci\u00f3n es estrecha y bidireccional. Ellos nos han ayudado con la Formaci\u00f3n del profesorado y con los cursos SIET (Formaci\u00f3n para el Trabajo de la Federaci\u00f3n Internacional) y nosotros hemos acondicionado su taller de cocina, reparado su tejado o, cuando han estado all\u00ed nuestros voluntarios, tambi\u00e9n les han proporcionado charlas y seminarios. En definitiva, nos ayudamos mutuamente y colaboramos en todo lo que podemos para facilitar la entrada al mercado laboral de los j\u00f3venes que lo tienen m\u00e1s dif\u00edcil. <\/span><\/p>\n<p style=\"text-align: justify;\"><span style=\"font-weight: 400;\">En esta ocasi\u00f3n queremos contaros que hemos enviado nueva maquinaria para actualizar parte de la que utilizan en sus talleres mec\u00e1nicos, para los estudios de Mec\u00e1nica Industrial. La maquinaria sali\u00f3 en un contenedor de 40 pies el pasado 18 de enero. Estaba prevista la llegada a Puerto Cort\u00e9s, Honduras, e mediados de febrero, pero el contenedor ha sufrido retraso en su paso por M\u00e9xico.\u00a0<\/span><\/p>\n<p style=\"text-align: justify;\">Esperamos que todo el cargamento llegue a primeros de marzo a Puerto Cort\u00e9s, para finalizar su traslado hasta el Centro T\u00e9cnico Loyola ubicado en El Progreso y, as\u00ed, que pueda estar instalado y en funcionamiento a finales del mismo mes.<\/p>\n<p style=\"text-align: justify;\"><span style=\"font-weight: 400;\">Les hemos enviado tornos y fresadoras y soldaduras, de las cuales algunas han sido donadas por una empresa de Gri\u00f1\u00f3n, <\/span><span style=\"text-decoration: underline;\"><a href=\"http:\/\/www.rastromaquinas.com\/\"><b>Rastro M\u00e1quinas<\/b><\/a><\/span><span style=\"font-weight: 400;\">, a los que desde aqu\u00ed queremos agradecerles su generosidad. Estamos deseando ver que la maquinaria llega para que m\u00e1s j\u00f3venes obtengan esta formaci\u00f3n especializada, ya que tiene muy buenas salidas laborales.\u00a0<\/span><\/p>\n<p>&nbsp;<\/p>\n<p><span style=\"font-weight: 400;\">No podemos dejar de insistir en que toda ayuda, grande o peque\u00f1a, supone un antes y un despu\u00e9s en la actividad de la Fundaci\u00f3n, se convierte en tener o no tener, llegar a m\u00e1s o a menos, tener la herramientas para preparar mejor o no tenerlas, por eso os animamos a seguir siendo parte de la soluci\u00f3n.<\/span><\/p>","protected":false},"excerpt":{"rendered":"<p>Entre todos es m\u00e1s f\u00e1cil #PorqueTodoCuenta Si el principal objetivo de la Fundaci\u00f3n Ver\u00f3n en&#8230;<\/p>","protected":false},"author":7,"featured_media":0,"comment_status":"closed","ping_status":"open","sticky":false,"template":"","format":"standard","meta":{"_monsterinsights_skip_tracking":false,"_monsterinsights_sitenote_active":false,"_monsterinsights_sitenote_note":"","_monsterinsights_sitenote_category":0,"_price":"","_stock":"","_tribe_ticket_header":"","_tribe_default_ticket_provider":"","_ticket_start_date":"","_ticket_end_date":"","_tribe_ticket_show_description":"","_tribe_ticket_show_not_going":false,"_tribe_ticket_use_global_stock":"","_tribe_ticket_global_stock_level":"","_global_stock_mode":"","_global_stock_cap":"","_tribe_rsvp_for_event":"","_tribe_ticket_going_count":"","_tribe_ticket_not_going_count":"","_tribe_tickets_list":"[]","_tribe_ticket_has_attendee_info_fields":false,"footnotes":""},"categories":[4],"tags":[95,108,107,97,23],"class_list":["post-1249","post","type-post","status-publish","format-standard","hentry","category-fundacion-veron-en-espana","tag-educacion-tecnica","tag-formacion-profesional","tag-formacion-profesional-dual","tag-fundacion-nacar","tag-fundacion-veron"],"wpcf_dashboard":"<div class=\"woocommerce\"><div class=\"woocommerce-info\">Please log in first? <a class=\"wpneoShowLogin\" href=\"#\">Click here to login<\/a><\/div><div class=\"wpneo_login_form_div\" style=\"display: none;\"><form name=\"loginform\" id=\"loginform\" action=\"https:\/\/www.fundacionveron.org\/en\/gestion\/\" method=\"post\"><p class=\"login-username\">\n\t\t\t\t<label for=\"user_login\">Username or Email Address<\/label>\n\t\t\t\t<input type=\"text\" name=\"log\" id=\"user_login\" autocomplete=\"username\" class=\"input\" value=\"\" size=\"20\" \/>\n\t\t\t<\/p><p class=\"login-password\">\n\t\t\t\t<label for=\"user_pass\">Password<\/label>\n\t\t\t\t<input type=\"password\" name=\"pwd\" id=\"user_pass\" autocomplete=\"current-password\" spellcheck=\"false\" class=\"input\" value=\"\" size=\"20\" \/>\n\t\t\t<\/p><p class=\"login-remember\"><label><input name=\"rememberme\" type=\"checkbox\" id=\"rememberme\" value=\"forever\" \/> Remember Me<\/label><\/p><p class=\"login-submit\">\n\t\t\t\t<input type=\"submit\" name=\"wp-submit\" id=\"wp-submit\" class=\"button button-primary\" value=\"Log In\" \/>\n\t\t\t\t<input type=\"hidden\" name=\"redirect_to\" value=\"https:\/\/www.fundacionveron.org\/en\/wp-json\/wp\/v2\/posts\/1249\" \/>\n\t\t\t<\/p><\/form><\/div><\/div>","_links":{"self":[{"href":"https:\/\/www.fundacionveron.org\/en\/wp-json\/wp\/v2\/posts\/1249","targetHints":{"allow":["GET"]}}],"collection":[{"href":"https:\/\/www.fundacionveron.org\/en\/wp-json\/wp\/v2\/posts"}],"about":[{"href":"https:\/\/www.fundacionveron.org\/en\/wp-json\/wp\/v2\/types\/post"}],"author":[{"embeddable":true,"href":"https:\/\/www.fundacionveron.org\/en\/wp-json\/wp\/v2\/users\/7"}],"replies":[{"embeddable":true,"href":"https:\/\/www.fundacionveron.org\/en\/wp-json\/wp\/v2\/comments?post=1249"}],"version-history":[{"count":0,"href":"https:\/\/www.fundacionveron.org\/en\/wp-json\/wp\/v2\/posts\/1249\/revisions"}],"wp:attachment":[{"href":"https:\/\/www.fundacionveron.org\/en\/wp-json\/wp\/v2\/media?parent=1249"}],"wp:term":[{"taxonomy":"category","embeddable":true,"href":"https:\/\/www.fundacionveron.org\/en\/wp-json\/wp\/v2\/categories?post=1249"},{"taxonomy":"post_tag","embeddable":true,"href":"https:\/\/www.fundacionveron.org\/en\/wp-json\/wp\/v2\/tags?post=1249"}],"curies":[{"name":"wp","href":"https:\/\/api.w.org\/{rel}","templated":true}]}}