{"id":1243,"date":"2018-02-26T09:02:09","date_gmt":"2018-02-26T07:02:09","guid":{"rendered":"https:\/\/www.fundacionveron.org\/?p=1243"},"modified":"2023-08-28T12:44:59","modified_gmt":"2023-08-28T10:44:59","slug":"dakar2018","status":"publish","type":"post","link":"https:\/\/www.fundacionveron.org\/en\/dakar2018\/","title":{"rendered":"Por fin, inversi\u00f3n real m\u00e1s all\u00e1 de las buenas intenciones"},"content":{"rendered":"<p style=\"text-align: center;\"><em><span style=\"font-weight: 400;\">Rihanna, embajadora para The Global Partnership for Education,\u00a0pide a los l\u00edderes mundiales compromisos financieros para la educaci\u00f3n de los ni\u00f1os mientras tomaba parte de la conferencia<\/span><\/em><\/p>\n<h4 style=\"text-align: justify;\">LA CONFERENCIA DE FINANCIACI\u00d3N DE LA ALIANZA MUNDIAL PARA LA EDUCACI\u00d3N<\/h4>\n<p style=\"text-align: justify;\"><span style=\"font-weight: 400;\">Dakar. Febrero 2018.<\/span><\/p>\n<p style=\"text-align: justify;\"><span style=\"font-weight: 400;\">Dakar es la capital de Senegal, uno de los pa\u00edses del continente africano con mayor estabilidad pol\u00edtica y econ\u00f3mica, pero que a nosotros muchas veces nos pasa desapercibido (a no ser por el Rally), igual que esta conferencia, la de la\u00a0<\/span><span style=\"text-decoration: underline;\"><a href=\"https:\/\/www.globalpartnership.org\/\"><b>Alianza Mundial para la Educaci\u00f3n<\/b><\/a><\/span><span style=\"font-weight: 400;\">. La verdad es que ha tenido poca repercusi\u00f3n en los medios espa\u00f1oles, casi nadie habl\u00f3 de ella, y sin embargo es el impulso m\u00e1s importante que se haya programado jam\u00e1s a nivel educativo. Un compromiso de inversi\u00f3n de un montante de <\/span><b>1.860 millones de euros (2.300 millones de $) \u00a0<\/b><span style=\"font-weight: 400;\">para los pr\u00f3ximos tres a\u00f1os. No llega al objetivo propuesto (3.000 millones de $), pero no se abandona, puede que alguno de los pa\u00edses donantes incremente la suma o se incorpore alguno m\u00e1s. Por primera vez aportan dinero China, Los Emiratos \u00c1rabes y Senegal; <\/span><b>Espa\u00f1a<\/b><span style=\"font-weight: 400;\"> vuelve a donar tras la crisis y 50 pa\u00edses en v\u00edas de desarrollo elevan su gasto en educaci\u00f3n al 20%.<\/span><\/p>\n<p style=\"text-align: justify;\"><span style=\"font-weight: 400;\">La<\/span><span style=\"font-weight: 400;\"> educaci\u00f3n de calidad <\/span><span style=\"font-weight: 400;\">es el <\/span><strong><span style=\"text-decoration: underline;\"><a href=\"http:\/\/www.un.org\/sustainabledevelopment\/es\/education\/\">4\u00ba de los 17 objetivos<\/a><\/span><\/strong><span style=\"font-weight: 400;\"> que en 2015, en una cumbre de la ONU, los l\u00edderes mundiales adoptaron para erradicar la pobreza, proteger el planeta y asegurar la prosperidad para todos, es la <\/span><b>agenda de desarrollo sostenible<\/b><span style=\"font-weight: 400;\">. <\/span><span style=\"font-weight: 400;\">Cada uno de los objetivos tiene metas espec\u00edficas a lograr en los pr\u00f3ximos 12 a\u00f1os, hasta el 2030. \u00a0Por supuesto, hace falta un compromiso global y mucho, mucho dinero. Los retos ante los que se encuentra la educaci\u00f3n hoy son impresionantes:<\/span><\/p>\n<p>&nbsp;<\/p>\n<p style=\"text-align: justify;\"><span style=\"font-weight: 400;\">Pero se abre una puerta al optimismo, la cumbre de Dakar ha sido un \u00e9xito no s\u00f3lo desde el punto de vista econ\u00f3mico sino de una verdadera convivencia multicultural en favor de uno de los valores m\u00e1s importantes que a nivel humano podamos imaginar: el acceso a la educaci\u00f3n.<\/span><\/p>\n<p style=\"text-align: justify;\">","protected":false},"excerpt":{"rendered":"<p>Rihanna, embajadora para The Global Partnership for Education,\u00a0pide a los l\u00edderes mundiales compromisos financieros para&#8230;<\/p>","protected":false},"author":7,"featured_media":0,"comment_status":"closed","ping_status":"open","sticky":false,"template":"","format":"standard","meta":{"_monsterinsights_skip_tracking":false,"_monsterinsights_sitenote_active":false,"_monsterinsights_sitenote_note":"","_monsterinsights_sitenote_category":0,"_price":"","_stock":"","_tribe_ticket_header":"","_tribe_default_ticket_provider":"","_ticket_start_date":"","_ticket_end_date":"","_tribe_ticket_show_description":"","_tribe_ticket_show_not_going":false,"_tribe_ticket_use_global_stock":"","_tribe_ticket_global_stock_level":"","_global_stock_mode":"","_global_stock_cap":"","_tribe_rsvp_for_event":"","_tribe_ticket_going_count":"","_tribe_ticket_not_going_count":"","_tribe_tickets_list":"[]","_tribe_ticket_has_attendee_info_fields":false,"footnotes":""},"categories":[6],"tags":[83,82,15,81],"class_list":["post-1243","post","type-post","status-publish","format-standard","hentry","category-educacion-juventud-e-innovacion","tag-alianza-mundial-para-la-educacion","tag-dakar","tag-educacion","tag-inversion"],"wpcf_dashboard":"<div class=\"woocommerce\"><div class=\"woocommerce-info\">Please log in first? <a class=\"wpneoShowLogin\" href=\"#\">Click here to login<\/a><\/div><div class=\"wpneo_login_form_div\" style=\"display: none;\"><form name=\"loginform\" id=\"loginform\" action=\"https:\/\/www.fundacionveron.org\/en\/gestion\/\" method=\"post\"><p class=\"login-username\">\n\t\t\t\t<label for=\"user_login\">Username or Email Address<\/label>\n\t\t\t\t<input type=\"text\" name=\"log\" id=\"user_login\" autocomplete=\"username\" class=\"input\" value=\"\" size=\"20\" \/>\n\t\t\t<\/p><p class=\"login-password\">\n\t\t\t\t<label for=\"user_pass\">Password<\/label>\n\t\t\t\t<input type=\"password\" name=\"pwd\" id=\"user_pass\" autocomplete=\"current-password\" spellcheck=\"false\" class=\"input\" value=\"\" size=\"20\" \/>\n\t\t\t<\/p><p class=\"login-remember\"><label><input name=\"rememberme\" type=\"checkbox\" id=\"rememberme\" value=\"forever\" \/> Remember Me<\/label><\/p><p class=\"login-submit\">\n\t\t\t\t<input type=\"submit\" name=\"wp-submit\" id=\"wp-submit\" class=\"button button-primary\" value=\"Log In\" \/>\n\t\t\t\t<input type=\"hidden\" name=\"redirect_to\" value=\"https:\/\/www.fundacionveron.org\/en\/wp-json\/wp\/v2\/posts\/1243\" \/>\n\t\t\t<\/p><\/form><\/div><\/div>","_links":{"self":[{"href":"https:\/\/www.fundacionveron.org\/en\/wp-json\/wp\/v2\/posts\/1243","targetHints":{"allow":["GET"]}}],"collection":[{"href":"https:\/\/www.fundacionveron.org\/en\/wp-json\/wp\/v2\/posts"}],"about":[{"href":"https:\/\/www.fundacionveron.org\/en\/wp-json\/wp\/v2\/types\/post"}],"author":[{"embeddable":true,"href":"https:\/\/www.fundacionveron.org\/en\/wp-json\/wp\/v2\/users\/7"}],"replies":[{"embeddable":true,"href":"https:\/\/www.fundacionveron.org\/en\/wp-json\/wp\/v2\/comments?post=1243"}],"version-history":[{"count":0,"href":"https:\/\/www.fundacionveron.org\/en\/wp-json\/wp\/v2\/posts\/1243\/revisions"}],"wp:attachment":[{"href":"https:\/\/www.fundacionveron.org\/en\/wp-json\/wp\/v2\/media?parent=1243"}],"wp:term":[{"taxonomy":"category","embeddable":true,"href":"https:\/\/www.fundacionveron.org\/en\/wp-json\/wp\/v2\/categories?post=1243"},{"taxonomy":"post_tag","embeddable":true,"href":"https:\/\/www.fundacionveron.org\/en\/wp-json\/wp\/v2\/tags?post=1243"}],"curies":[{"name":"wp","href":"https:\/\/api.w.org\/{rel}","templated":true}]}}