{"id":1222,"date":"2018-01-31T09:40:50","date_gmt":"2018-01-31T07:40:50","guid":{"rendered":"https:\/\/www.fundacionveron.org\/?p=1222"},"modified":"2019-10-09T18:35:48","modified_gmt":"2019-10-09T16:35:48","slug":"davidenero2018","status":"publish","type":"post","link":"https:\/\/www.fundacionveron.org\/en\/davidenero2018\/","title":{"rendered":"Noticias de David"},"content":{"rendered":"<p style=\"text-align: justify;\"><span style=\"font-weight: 400;\">David es esa persona luchadora y siempre llena de proyectos, que sigue creciendo. Es incansable y, ahora que la primera parte de sus objetivos est\u00e1 encauzada, se expande, mejora, introduce nuevos cultivos, nuevos servicios&#8230;<\/span><\/p>\n<p style=\"text-align: justify;\"><span style=\"font-weight: 400;\">Para los que no lo conozc\u00e1is, aunque nos gusta hablar de \u00e9l de vez en cuando en el blog, porque es un ejemplo de fuerza para todos, os contamos: \u00a0<\/span><\/p>\n<p style=\"text-align: justify;\"><span style=\"font-weight: 400;\">David se gradu\u00f3 La Escuela del Vidrio, despu\u00e9s inici\u00f3 sus estudios de Ingenier\u00eda Agron\u00f3mica al tiempo que establec\u00eda su cooperativa: AFAGRO, que cobraba vida gracias a un microcr\u00e9dito concedido por la Fundaci\u00f3n Ver\u00f3n. Como \u00e9l es as\u00ed, ha conseguido simultanear universidad y trabajo con un curso especializado sobre cultivo del cacao al que accedi\u00f3 tras conseguir una beca. Es verdaderamente ilusionante oirlo: <\/span><\/p>\n<p style=\"text-align: justify;\">\n<p><iframe loading=\"lazy\" title=\"Noticias de David. Enero 2018\" width=\"1060\" height=\"596\" src=\"https:\/\/www.youtube.com\/embed\/AL5VNbFEoLk?feature=oembed\" frameborder=\"0\" allow=\"accelerometer; autoplay; encrypted-media; gyroscope; picture-in-picture\" allowfullscreen><\/iframe><\/p>\n<p style=\"text-align: justify;\"><span style=\"font-weight: 400;\">\u00c9l mismo nos cuenta que adem\u00e1s de sus cultivos de cacao y yuca, a los que cada vez saca mayor rendimiento, hay que sumar un vivero de cacao que en un futuro no lejano le permitir\u00e1 asegurar la continuidad y siembra de esta plantaci\u00f3n sin invertir en semillas. Por otro lado, ha observado que hay demanda de plantas, por lo que ha decidido iniciarse en el negocio de su venta directa. Otra de las actividades que ha comenzado es el cultivo del pl\u00e1tano y jalape\u00f1os, seg\u00fan sus propias palabras \u201cpara ganar experiencia en el conocimiento de nuevos cultivos y el manejo de ellos y tambi\u00e9n con el prop\u00f3sito de obtener fondos para cancelar el cr\u00e9dito\u201d.<\/span><\/p>\n<p style=\"text-align: justify;\"><span style=\"font-weight: 400;\">Entre los objetivos de este 2018 se ha propuesto crear un agro servicio ofreciendo la venta de semillas, insumos agr\u00edcolas, herramientas, comida para animales y maquilaci\u00f3n de pl\u00e1ntulas, pero es muy consciente de que todav\u00eda le faltan recursos, como por ejemplo, \u00a0contar con un local adecuado para almacenar y ofrecer productos. <\/span><\/p>\n<p><img loading=\"lazy\" decoding=\"async\" class=\"wp-image-2343 aligncenter\" src=\"https:\/\/www.fundacionveron.org\/wp-content\/uploads\/2018\/01\/Imagen1-300x156.png\" alt=\"\" width=\"344\" height=\"179\" srcset=\"https:\/\/www.fundacionveron.org\/wp-content\/uploads\/2018\/01\/Imagen1-300x156.png 300w, https:\/\/www.fundacionveron.org\/wp-content\/uploads\/2018\/01\/Imagen1-600x313.png 600w, https:\/\/www.fundacionveron.org\/wp-content\/uploads\/2018\/01\/Imagen1-768x400.png 768w, https:\/\/www.fundacionveron.org\/wp-content\/uploads\/2018\/01\/Imagen1.png 959w, https:\/\/www.fundacionveron.org\/wp-content\/uploads\/2018\/01\/Imagen1-700x365.png 700w\" sizes=\"auto, (max-width: 344px) 100vw, 344px\" \/><\/p>","protected":false},"excerpt":{"rendered":"<p>David es esa persona luchadora y siempre llena de proyectos, que sigue creciendo. Es incansable&#8230;<\/p>","protected":false},"author":7,"featured_media":0,"comment_status":"closed","ping_status":"open","sticky":false,"template":"","format":"standard","meta":{"_monsterinsights_skip_tracking":false,"_monsterinsights_sitenote_active":false,"_monsterinsights_sitenote_note":"","_monsterinsights_sitenote_category":0,"_price":"","_stock":"","_tribe_ticket_header":"","_tribe_default_ticket_provider":"","_ticket_start_date":"","_ticket_end_date":"","_tribe_ticket_show_description":"","_tribe_ticket_show_not_going":false,"_tribe_ticket_use_global_stock":"","_tribe_ticket_global_stock_level":"","_global_stock_mode":"","_global_stock_cap":"","_tribe_rsvp_for_event":"","_tribe_ticket_going_count":"","_tribe_ticket_not_going_count":"","_tribe_tickets_list":"[]","_tribe_ticket_has_attendee_info_fields":false,"footnotes":""},"categories":[5],"tags":[73,22,71,23,25,72],"class_list":["post-1222","post","type-post","status-publish","format-standard","hentry","category-fundacion-veron-en-honduras","tag-agricultura","tag-david","tag-emprendimiento","tag-fundacion-veron","tag-honduras","tag-microcreditos-al-desarrollo"],"wpcf_dashboard":"<div class=\"woocommerce\"><div class=\"woocommerce-info\">Please log in first? <a class=\"wpneoShowLogin\" href=\"#\">Click here to login<\/a><\/div><div class=\"wpneo_login_form_div\" style=\"display: none;\"><form name=\"loginform\" id=\"loginform\" action=\"https:\/\/www.fundacionveron.org\/en\/gestion\/\" method=\"post\"><p class=\"login-username\">\n\t\t\t\t<label for=\"user_login\">Username or Email Address<\/label>\n\t\t\t\t<input type=\"text\" name=\"log\" id=\"user_login\" autocomplete=\"username\" class=\"input\" value=\"\" size=\"20\" \/>\n\t\t\t<\/p><p class=\"login-password\">\n\t\t\t\t<label for=\"user_pass\">Password<\/label>\n\t\t\t\t<input type=\"password\" name=\"pwd\" id=\"user_pass\" autocomplete=\"current-password\" spellcheck=\"false\" class=\"input\" value=\"\" size=\"20\" \/>\n\t\t\t<\/p><p class=\"login-remember\"><label><input name=\"rememberme\" type=\"checkbox\" id=\"rememberme\" value=\"forever\" \/> Remember Me<\/label><\/p><p class=\"login-submit\">\n\t\t\t\t<input type=\"submit\" name=\"wp-submit\" id=\"wp-submit\" class=\"button button-primary\" value=\"Log In\" \/>\n\t\t\t\t<input type=\"hidden\" name=\"redirect_to\" value=\"https:\/\/www.fundacionveron.org\/en\/wp-json\/wp\/v2\/posts\/1222\" \/>\n\t\t\t<\/p><\/form><\/div><\/div>","_links":{"self":[{"href":"https:\/\/www.fundacionveron.org\/en\/wp-json\/wp\/v2\/posts\/1222","targetHints":{"allow":["GET"]}}],"collection":[{"href":"https:\/\/www.fundacionveron.org\/en\/wp-json\/wp\/v2\/posts"}],"about":[{"href":"https:\/\/www.fundacionveron.org\/en\/wp-json\/wp\/v2\/types\/post"}],"author":[{"embeddable":true,"href":"https:\/\/www.fundacionveron.org\/en\/wp-json\/wp\/v2\/users\/7"}],"replies":[{"embeddable":true,"href":"https:\/\/www.fundacionveron.org\/en\/wp-json\/wp\/v2\/comments?post=1222"}],"version-history":[{"count":0,"href":"https:\/\/www.fundacionveron.org\/en\/wp-json\/wp\/v2\/posts\/1222\/revisions"}],"wp:attachment":[{"href":"https:\/\/www.fundacionveron.org\/en\/wp-json\/wp\/v2\/media?parent=1222"}],"wp:term":[{"taxonomy":"category","embeddable":true,"href":"https:\/\/www.fundacionveron.org\/en\/wp-json\/wp\/v2\/categories?post=1222"},{"taxonomy":"post_tag","embeddable":true,"href":"https:\/\/www.fundacionveron.org\/en\/wp-json\/wp\/v2\/tags?post=1222"}],"curies":[{"name":"wp","href":"https:\/\/api.w.org\/{rel}","templated":true}]}}