{"id":1213,"date":"2018-01-31T09:11:44","date_gmt":"2018-01-31T07:11:44","guid":{"rendered":"https:\/\/www.fundacionveron.org\/?p=1213"},"modified":"2023-08-28T12:48:51","modified_gmt":"2023-08-28T10:48:51","slug":"programacion-materia-no-solo-para-informaticos","status":"publish","type":"post","link":"https:\/\/www.fundacionveron.org\/en\/programacion-materia-no-solo-para-informaticos\/","title":{"rendered":"PROGRAMACI\u00d3N: Materia no s\u00f3lo para inform\u00e1ticos"},"content":{"rendered":"<p style=\"text-align: justify;\"><span style=\"font-weight: 400;\">Aprender a programar. En los primeros a\u00f1os de este S. XXI los diferentes lenguajes computacionales como Java, Cobol, Html y alguno m\u00e1s, los cre\u00edamos circunscritos al \u00e1mbito inform\u00e1tico, pero nada m\u00e1s lejos, hay distintos lenguajes, unos m\u00e1s intuitivos que otros y, en cualquier caso, al alcance de todo el que tenga inter\u00e9s, por lo que \u00bfdejamos que \u00e9ste surja de forma natural o lo hacemos \u201cnatural\u201d desde la misma escuela?.<\/span><\/p>\n<p style=\"text-align: justify;\"><span style=\"font-weight: 400;\">Los j\u00f3venes de hoy son <strong>nativos digitales<\/strong> y para ellos la idea de ser inform\u00e1tico no es m\u00e1s que su cotidianeidad, el pensamiento computacional se ha convertido en el nuevo ingl\u00e9s, en la oportunidad de aprender el uso consciente y activo de la inform\u00e1tica para ser proyectado en cualquier campo en un mundo siempre m\u00e1s digitalizado de lo que se espera. <\/span><\/p>\n<p style=\"text-align: justify;\"><span style=\"font-weight: 400;\">Lo cierto es que el objetivo de la programaci\u00f3n es conseguir solucionar un reto o problema mediante la combinaci\u00f3n de instrucciones que se deben transcribir adecuadamente para que resulten eficaces. Como es l\u00f3gico:<\/span><\/p>\n<p style=\"text-align: justify;\">1\u00ba Es necesario estudiar y analizar previamente el problema<\/p>\n<p style=\"text-align: justify;\">2\u00ba Determinar el modo de afrontarlo<\/p>\n<p style=\"text-align: justify;\">3\u00ba Ponerlo en pr\u00e1ctica dici\u00e9ndole al ordenador qu\u00e9 tiene que hacer y c\u00f3mo.<\/p>\n<p style=\"text-align: justify;\"><span style=\"font-weight: 400;\">Resulta obvio, por tanto, que la <strong>programaci\u00f3n<\/strong> mejorar\u00e1 capacidades como la creatividad, el pensamiento l\u00f3gico, las aptitudes verbales, el c\u00e1lculo num\u00e9rico, el nivel de abstracci\u00f3n y concentraci\u00f3n y la resoluci\u00f3n de problemas.\u00a0\u00a0<\/span><a href=\"https:\/\/www.fundacionveron.org\/wp-content\/uploads\/2018\/01\/cyber-glasses-1938449_1920.jpg\"><br \/>\n<\/a><\/p>\n<p>&nbsp;<\/p>\n<p style=\"text-align: justify;\">En cuanto a los <strong>retos laborales del futuro<\/strong> derivados de la evoluci\u00f3n digital, no es suficiente con saber utilizar la tecnolog\u00eda, sino que habr\u00e1 que aprender a crearla porque para los pr\u00f3ximos 10 a\u00f1os m\u00e1s del 50 por ciento de los empleos requerir\u00e1n alguna habilidad de creaci\u00f3n tecnol\u00f3gica, independientemente de la industria, y no hablamos de puestos de Ingenier\u00eda en Sistemas, sino empresas del sector financiero, manufacturas, autoservicios, todos los sectores.<\/p>\n<p style=\"text-align: justify;\"><span style=\"font-weight: 400;\">Si queremos actualizar el <strong>sistema educativo<\/strong>, tanto en los contenidos como en la forma de adquirir conocimientos por parte de los estudiantes de hoy, no hay duda de que la Programaci\u00f3n puede ser una herramienta formativa y eficaz. Os invitamos a ver el siguiente v\u00eddeo.<\/span><\/p>\n<p><iframe loading=\"lazy\" title=\"Todos deber\u00edan aprender a programar\" width=\"1060\" height=\"596\" src=\"https:\/\/www.youtube.com\/embed\/Y1HHBXDL9bg?feature=oembed&#038;enablejsapi=1&#038;origin=https:\/\/www.fundacionveron.org\" frameborder=\"0\" allow=\"accelerometer; autoplay; clipboard-write; encrypted-media; gyroscope; picture-in-picture; web-share\" allowfullscreen><\/iframe><br \/>\n<a href=\"https:\/\/youtu.be\/Y1HHBXDL9bg\"><span style=\"font-weight: 400;\">Todos deber\u00edan aprender a programar<\/span><\/a><\/p>","protected":false},"excerpt":{"rendered":"<p>Aprender a programar. En los primeros a\u00f1os de este S. XXI los diferentes lenguajes computacionales&#8230;<\/p>","protected":false},"author":7,"featured_media":0,"comment_status":"closed","ping_status":"open","sticky":false,"template":"","format":"standard","meta":{"_monsterinsights_skip_tracking":false,"_monsterinsights_sitenote_active":false,"_monsterinsights_sitenote_note":"","_monsterinsights_sitenote_category":0,"_price":"","_stock":"","_tribe_ticket_header":"","_tribe_default_ticket_provider":"","_ticket_start_date":"","_ticket_end_date":"","_tribe_ticket_show_description":"","_tribe_ticket_show_not_going":false,"_tribe_ticket_use_global_stock":"","_tribe_ticket_global_stock_level":"","_global_stock_mode":"","_global_stock_cap":"","_tribe_rsvp_for_event":"","_tribe_ticket_going_count":"","_tribe_ticket_not_going_count":"","_tribe_tickets_list":"[]","_tribe_ticket_has_attendee_info_fields":false,"footnotes":""},"categories":[6],"tags":[35,68,69],"class_list":["post-1213","post","type-post","status-publish","format-standard","hentry","category-educacion-juventud-e-innovacion","tag-innovacion-educativa","tag-programacion","tag-retos"],"wpcf_dashboard":"<div class=\"woocommerce\"><div class=\"woocommerce-info\">Please log in first? <a class=\"wpneoShowLogin\" href=\"#\">Click here to login<\/a><\/div><div class=\"wpneo_login_form_div\" style=\"display: none;\"><form name=\"loginform\" id=\"loginform\" action=\"https:\/\/www.fundacionveron.org\/en\/gestion\/\" method=\"post\"><p class=\"login-username\">\n\t\t\t\t<label for=\"user_login\">Username or Email Address<\/label>\n\t\t\t\t<input type=\"text\" name=\"log\" id=\"user_login\" autocomplete=\"username\" class=\"input\" value=\"\" size=\"20\" \/>\n\t\t\t<\/p><p class=\"login-password\">\n\t\t\t\t<label for=\"user_pass\">Password<\/label>\n\t\t\t\t<input type=\"password\" name=\"pwd\" id=\"user_pass\" autocomplete=\"current-password\" spellcheck=\"false\" class=\"input\" value=\"\" size=\"20\" \/>\n\t\t\t<\/p><p class=\"login-remember\"><label><input name=\"rememberme\" type=\"checkbox\" id=\"rememberme\" value=\"forever\" \/> Remember Me<\/label><\/p><p class=\"login-submit\">\n\t\t\t\t<input type=\"submit\" name=\"wp-submit\" id=\"wp-submit\" class=\"button button-primary\" value=\"Log In\" \/>\n\t\t\t\t<input type=\"hidden\" name=\"redirect_to\" value=\"https:\/\/www.fundacionveron.org\/en\/wp-json\/wp\/v2\/posts\/1213\" \/>\n\t\t\t<\/p><\/form><\/div><\/div>","_links":{"self":[{"href":"https:\/\/www.fundacionveron.org\/en\/wp-json\/wp\/v2\/posts\/1213","targetHints":{"allow":["GET"]}}],"collection":[{"href":"https:\/\/www.fundacionveron.org\/en\/wp-json\/wp\/v2\/posts"}],"about":[{"href":"https:\/\/www.fundacionveron.org\/en\/wp-json\/wp\/v2\/types\/post"}],"author":[{"embeddable":true,"href":"https:\/\/www.fundacionveron.org\/en\/wp-json\/wp\/v2\/users\/7"}],"replies":[{"embeddable":true,"href":"https:\/\/www.fundacionveron.org\/en\/wp-json\/wp\/v2\/comments?post=1213"}],"version-history":[{"count":0,"href":"https:\/\/www.fundacionveron.org\/en\/wp-json\/wp\/v2\/posts\/1213\/revisions"}],"wp:attachment":[{"href":"https:\/\/www.fundacionveron.org\/en\/wp-json\/wp\/v2\/media?parent=1213"}],"wp:term":[{"taxonomy":"category","embeddable":true,"href":"https:\/\/www.fundacionveron.org\/en\/wp-json\/wp\/v2\/categories?post=1213"},{"taxonomy":"post_tag","embeddable":true,"href":"https:\/\/www.fundacionveron.org\/en\/wp-json\/wp\/v2\/tags?post=1213"}],"curies":[{"name":"wp","href":"https:\/\/api.w.org\/{rel}","templated":true}]}}