{"id":1178,"date":"2017-12-21T15:11:11","date_gmt":"2017-12-21T13:11:11","guid":{"rendered":"https:\/\/www.fundacionveron.org\/?p=1178"},"modified":"2023-08-28T12:48:14","modified_gmt":"2023-08-28T10:48:14","slug":"estudiarennavidad","status":"publish","type":"post","link":"https:\/\/www.fundacionveron.org\/en\/estudiarennavidad\/","title":{"rendered":"Estudiar en Navidad, \u00bfrealidad o ficci\u00f3n?"},"content":{"rendered":"<h3 style=\"text-align: justify;\">\u00bfTe ha tocado alguna vez?<\/h3>\n<p style=\"text-align: justify;\"><span style=\"font-weight: 400;\">Las vacaciones de Navidad son una trampa. Es un periodo en el que entre fiestas familiares, fiestas con amigos, voluntariado, porque s\u00ed, aunque no se refleje en ning\u00fan estudio son muchos los j\u00f3venes que echan una mano para hacer llegar un rayito de felicidad a quien lo necesita, compras, etc\u2026 el tiempo de estudio, \u00e9se que m\u00e1gicamente se reduce much\u00edsimo respecto a lo que hab\u00edamos imaginado, es valios\u00edsimo. As\u00ed que no lo podemos desaprovechar.<\/span><\/p>\n<p style=\"text-align: justify;\"><span style=\"font-weight: 400;\">Lo primero, sentido com\u00fan, no existen f\u00f3rmulas m\u00e1gicas, as\u00ed que la planificaci\u00f3n es tu mejor baza. \u00a0Hazte con todo el material que necesites y organiza.<\/span><\/p>\n<ul>\n<li>Recopila todos los apuntes y bibliograf\u00eda que todav\u00eda tienes pendiente de conseguir<\/li>\n<li>Prioriza: terminar trabajos, realizarlos, preparar ex\u00e1menes\u2026<\/li>\n<li>Haz una previsi\u00f3n del tiempo con el que vas a contar de verdad, sabiendo que algunas ma\u00f1anas no estar\u00e1s al 100% o que\u00a0habr\u00e1 tardes que tengas que salir antes de lo previsto<\/li>\n<\/ul>\n<p style=\"text-align: justify;\"><span style=\"font-weight: 400;\">Te conoces: los hay que estudian mejor por la ma\u00f1ana, porque est\u00e1n m\u00e1s despejados, otros se concentran mejor en la ca\u00edda de la tarde porque ya no tienen nada pendiente\u2026 todo es muy personal, elige lo que se adapte a t\u00ed<\/span><\/p>\n<p style=\"text-align: justify;\"><span style=\"font-weight: 400;\">Ahora, hazte un calendario, lo m\u00e1s real posible y ponte metas de manera que puedas visualizar los logros.<\/span><\/p>\n<p style=\"text-align: justify;\"><span style=\"font-weight: 400;\">Si la motivaci\u00f3n decae, intenta estudiar fuera de tu zona de confort, en bibliotecas, con amigos o con compa\u00f1eros\u2026 ya sabes \u201cla uni\u00f3n hace la fuerza\u201d<\/span><\/p>\n<p style=\"text-align: justify;\"><span style=\"font-weight: 400;\">La conclusi\u00f3n es que hay que aprender a combinar el tiempo de estudio con el ocio y el relax y tener la certeza de que, si todo falla (por supuesto, eso no te va a pasar), no te puedes rendir porque luego hay otra oportunidad.<\/span><\/p>\n<p>&nbsp;<\/p>\n<h3 style=\"text-align: center;\"><b>\u00a1\u00a1\u00a1FELIZ NAVIDAD!!!<\/b><\/h3>","protected":false},"excerpt":{"rendered":"<p>\u00bfTe ha tocado alguna vez? Las vacaciones de Navidad son una trampa. Es un periodo&#8230;<\/p>","protected":false},"author":7,"featured_media":0,"comment_status":"closed","ping_status":"open","sticky":false,"template":"","format":"standard","meta":{"_monsterinsights_skip_tracking":false,"_monsterinsights_sitenote_active":false,"_monsterinsights_sitenote_note":"","_monsterinsights_sitenote_category":0,"_price":"","_stock":"","_tribe_ticket_header":"","_tribe_default_ticket_provider":"","_ticket_start_date":"","_ticket_end_date":"","_tribe_ticket_show_description":"","_tribe_ticket_show_not_going":false,"_tribe_ticket_use_global_stock":"","_tribe_ticket_global_stock_level":"","_global_stock_mode":"","_global_stock_cap":"","_tribe_rsvp_for_event":"","_tribe_ticket_going_count":"","_tribe_ticket_not_going_count":"","_tribe_tickets_list":"[]","_tribe_ticket_has_attendee_info_fields":false,"footnotes":""},"categories":[6],"tags":[60,61,58],"class_list":["post-1178","post","type-post","status-publish","format-standard","hentry","category-educacion-juventud-e-innovacion","tag-estudiar","tag-fiestas","tag-navidad"],"wpcf_dashboard":"<div class=\"woocommerce\"><div class=\"woocommerce-info\">Please log in first? <a class=\"wpneoShowLogin\" href=\"#\">Click here to login<\/a><\/div><div class=\"wpneo_login_form_div\" style=\"display: none;\"><form name=\"loginform\" id=\"loginform\" action=\"https:\/\/www.fundacionveron.org\/en\/gestion\/\" method=\"post\"><p class=\"login-username\">\n\t\t\t\t<label for=\"user_login\">Username or Email Address<\/label>\n\t\t\t\t<input type=\"text\" name=\"log\" id=\"user_login\" autocomplete=\"username\" class=\"input\" value=\"\" size=\"20\" \/>\n\t\t\t<\/p><p class=\"login-password\">\n\t\t\t\t<label for=\"user_pass\">Password<\/label>\n\t\t\t\t<input type=\"password\" name=\"pwd\" id=\"user_pass\" autocomplete=\"current-password\" spellcheck=\"false\" class=\"input\" value=\"\" size=\"20\" \/>\n\t\t\t<\/p><p class=\"login-remember\"><label><input name=\"rememberme\" type=\"checkbox\" id=\"rememberme\" value=\"forever\" \/> Remember Me<\/label><\/p><p class=\"login-submit\">\n\t\t\t\t<input type=\"submit\" name=\"wp-submit\" id=\"wp-submit\" class=\"button button-primary\" value=\"Log In\" \/>\n\t\t\t\t<input type=\"hidden\" name=\"redirect_to\" value=\"https:\/\/www.fundacionveron.org\/en\/wp-json\/wp\/v2\/posts\/1178\" \/>\n\t\t\t<\/p><\/form><\/div><\/div>","_links":{"self":[{"href":"https:\/\/www.fundacionveron.org\/en\/wp-json\/wp\/v2\/posts\/1178","targetHints":{"allow":["GET"]}}],"collection":[{"href":"https:\/\/www.fundacionveron.org\/en\/wp-json\/wp\/v2\/posts"}],"about":[{"href":"https:\/\/www.fundacionveron.org\/en\/wp-json\/wp\/v2\/types\/post"}],"author":[{"embeddable":true,"href":"https:\/\/www.fundacionveron.org\/en\/wp-json\/wp\/v2\/users\/7"}],"replies":[{"embeddable":true,"href":"https:\/\/www.fundacionveron.org\/en\/wp-json\/wp\/v2\/comments?post=1178"}],"version-history":[{"count":0,"href":"https:\/\/www.fundacionveron.org\/en\/wp-json\/wp\/v2\/posts\/1178\/revisions"}],"wp:attachment":[{"href":"https:\/\/www.fundacionveron.org\/en\/wp-json\/wp\/v2\/media?parent=1178"}],"wp:term":[{"taxonomy":"category","embeddable":true,"href":"https:\/\/www.fundacionveron.org\/en\/wp-json\/wp\/v2\/categories?post=1178"},{"taxonomy":"post_tag","embeddable":true,"href":"https:\/\/www.fundacionveron.org\/en\/wp-json\/wp\/v2\/tags?post=1178"}],"curies":[{"name":"wp","href":"https:\/\/api.w.org\/{rel}","templated":true}]}}