{"id":1171,"date":"2017-12-21T15:01:54","date_gmt":"2017-12-21T13:01:54","guid":{"rendered":"https:\/\/www.fundacionveron.org\/?p=1171"},"modified":"2023-08-28T13:30:35","modified_gmt":"2023-08-28T11:30:35","slug":"navidadhonduras2017","status":"publish","type":"post","link":"https:\/\/www.fundacionveron.org\/en\/navidadhonduras2017\/","title":{"rendered":"Esta Navidad en Honduras&#8230;"},"content":{"rendered":"<p style=\"text-align: justify;\"><span style=\"font-weight: 400;\">La actualidad hondure\u00f1a es preocupante; las protestas, la situaci\u00f3n pol\u00edtica, la violencia, la corrupci\u00f3n, los resultados electorales y \u201csus dudas\u201d, \u00a0han generado un clima de inestabilidad \u00a0y violencia que van a incidir en la Navidad de este a\u00f1o. Seguramente no haya Navidad para muchos. La zona norte del pa\u00eds es la m\u00e1s afectada, precisamente donde tenemos los proyectos. Hablamos cada d\u00eda con ellos para conocer y saber que est\u00e1n todos bien, y as\u00ed es! Desde aqu\u00ed aprovechamos para desear paz para Honduras.\u00a0<\/span><\/p>\n<p>&nbsp;<\/p>\n<p style=\"text-align: justify;\">En estas fechas de tradiciones, os contamos c\u00f3mo es la Navidad en un pa\u00eds del Caribe.\u00a0<span style=\"font-weight: 400;\">Normalmente la Navidad en Honduras tiene tradiciones un poco distintas a las nuestras, empezando porque ellos viven este periodo a una temperatura media de 25\u00baC o 26\u00baC, es decir, en pantal\u00f3n corto y camiseta, aunque su gastronom\u00eda es simplemente otra. A\u00fan as\u00ed, las decoraciones, las luces y los nacimientos est\u00e1n presentes por todo el pa\u00eds desde noviembre, como aqu\u00ed. <\/span><\/p>\n<p style=\"text-align: justify;\"><span style=\"font-weight: 400;\">Es una fiesta familiar que conserva su sentido religioso, la alegr\u00eda de reunirse familiares y amigos para disfrutar de m\u00fasica, comida, ropa nueva e intercambiar regalos. La noche del 24 y el 25 son los d\u00edas m\u00e1s importantes. con unos cuantos gui\u00f1os algo diferentes a la los nuestros, por ejemplo:<\/span><\/p>\n<p style=\"text-align: justify;\"><span style=\"font-weight: 400;\">. Para estas fechas \u201cEl tamal\u201d o nacatamal, una masa de ma\u00edz y relleno de carne (generalmente de cerdo o de pollo), es un bocado imprescindible en esta \u00e9poca y en la mesa de Nochebuena, as\u00ed como la famosa pierna de cerdo, y pollo.<\/span><\/p>\n<p>&nbsp;<\/p>\n<p style=\"text-align: justify;\"><span style=\"font-weight: 400;\">Por supuesto, una buena comida debe ir acompa\u00f1ada de un buen postre, por lo que no pueden faltar las t\u00edpicas torrejas o rosquillas en miel. <\/span><\/p>\n<p style=\"text-align: justify;\"><span style=\"font-weight: 400;\">Y para beber, el rompopo (hecho a base de aguardiente, leche y huevos) y bebidas alcoh\u00f3licas<\/span><\/p>\n<p style=\"text-align: justify;\"><span style=\"font-weight: 400;\">&#8211; Los estrenos: una tradici\u00f3n que ha tenido menor auge a trav\u00e9s del tiempo pero, cuando es posible, a\u00fan se procura estrenar en la Nochebuena o por lo menos se celebra como una ocasi\u00f3n especial, arregl\u00e1ndose. <\/span><\/p>\n<p style=\"text-align: justify;\"><span style=\"font-weight: 400;\">El 24 de diciembre exactamente a las 12 a.m., toda la familia est\u00e1 reunida en la casa, se quema p\u00f3lvora, se dan fuertes abrazos y felicitaciones, celebrando el nacimiento del ni\u00f1o Jes\u00fas. <\/span><\/p>\n<p style=\"text-align: justify;\"><span style=\"font-weight: 400;\">As\u00ed mismo, en algunos hogares contin\u00faan celebr\u00e1ndose las posadas. Se realizan durante doce d\u00edas antes del 24 de diciembre: La familia anfitriona recibe a quienes participan, que entran cantando villancicos, con una deliciosa cena que incluye las tradicionales galletas y el \u201cponche infernal\u201d<\/span><\/p>\n<p style=\"text-align: justify;\"><span style=\"font-weight: 400;\">En muchos pueblos se acostumbra \u201cel robo del Ni\u00f1o Jes\u00fas\u201d que ocurre el 25 de diciembre a primera hora, despu\u00e9s que se destapa la figura en el nacimiento. Cualquiera de los invitados pod\u00eda llevarse la preciada figurita y la familia anfitriona tiene que realizar una fiesta el 6 de enero para que la regresen. <\/span><\/p>\n<p style=\"text-align: justify;\"><span style=\"font-weight: 400;\">El fin de a\u00f1o se celebra con un monigote que representa el a\u00f1o que termina, elaborado con ropa vieja, cart\u00f3n o papel, relleno de paja o aserr\u00edn y con frecuencia con artefactos pirot\u00e9cnicos para ser quemado a medianoche. Esta tradici\u00f3n forma parte de un rito simb\u00f3lico de erradicar de nuestras vidas aspectos negativos y, por ello, algunos les ponen cartulinas con leyendas alusivas al a\u00f1o que se va y los deseos y a\u00f1oranzas por el que viene. En las ciudades, sobre todo, se ha convertido tambi\u00e9n en una forma de protesta y cada vez m\u00e1s los monigotes son hechos con la apariencia de alg\u00fan pol\u00edtico nacional o personaje mundial de poco agrado representando el descontento de los habitantes.<\/span><\/p>\n<p>&nbsp;<\/p>","protected":false},"excerpt":{"rendered":"<p>La actualidad hondure\u00f1a es preocupante; las protestas, la situaci\u00f3n pol\u00edtica, la violencia, la corrupci\u00f3n, los&#8230;<\/p>","protected":false},"author":7,"featured_media":0,"comment_status":"closed","ping_status":"open","sticky":false,"template":"","format":"standard","meta":{"_monsterinsights_skip_tracking":false,"_monsterinsights_sitenote_active":false,"_monsterinsights_sitenote_note":"","_monsterinsights_sitenote_category":0,"_price":"","_stock":"","_tribe_ticket_header":"","_tribe_default_ticket_provider":"","_ticket_start_date":"","_ticket_end_date":"","_tribe_ticket_show_description":"","_tribe_ticket_show_not_going":false,"_tribe_ticket_use_global_stock":"","_tribe_ticket_global_stock_level":"","_global_stock_mode":"","_global_stock_cap":"","_tribe_rsvp_for_event":"","_tribe_ticket_going_count":"","_tribe_ticket_not_going_count":"","_tribe_tickets_list":"[]","_tribe_ticket_has_attendee_info_fields":false,"footnotes":""},"categories":[5],"tags":[59,25,58],"class_list":["post-1171","post","type-post","status-publish","format-standard","hentry","category-fundacion-veron-en-honduras","tag-59","tag-honduras","tag-navidad"],"wpcf_dashboard":"<div class=\"woocommerce\"><div class=\"woocommerce-info\">Please log in first? <a class=\"wpneoShowLogin\" href=\"#\">Click here to login<\/a><\/div><div class=\"wpneo_login_form_div\" style=\"display: none;\"><form name=\"loginform\" id=\"loginform\" action=\"https:\/\/www.fundacionveron.org\/en\/gestion\/\" method=\"post\"><p class=\"login-username\">\n\t\t\t\t<label for=\"user_login\">Username or Email Address<\/label>\n\t\t\t\t<input type=\"text\" name=\"log\" id=\"user_login\" autocomplete=\"username\" class=\"input\" value=\"\" size=\"20\" \/>\n\t\t\t<\/p><p class=\"login-password\">\n\t\t\t\t<label for=\"user_pass\">Password<\/label>\n\t\t\t\t<input type=\"password\" name=\"pwd\" id=\"user_pass\" autocomplete=\"current-password\" spellcheck=\"false\" class=\"input\" value=\"\" size=\"20\" \/>\n\t\t\t<\/p><p class=\"login-remember\"><label><input name=\"rememberme\" type=\"checkbox\" id=\"rememberme\" value=\"forever\" \/> Remember Me<\/label><\/p><p class=\"login-submit\">\n\t\t\t\t<input type=\"submit\" name=\"wp-submit\" id=\"wp-submit\" class=\"button button-primary\" value=\"Log In\" \/>\n\t\t\t\t<input type=\"hidden\" name=\"redirect_to\" value=\"https:\/\/www.fundacionveron.org\/en\/wp-json\/wp\/v2\/posts\/1171\" \/>\n\t\t\t<\/p><\/form><\/div><\/div>","_links":{"self":[{"href":"https:\/\/www.fundacionveron.org\/en\/wp-json\/wp\/v2\/posts\/1171","targetHints":{"allow":["GET"]}}],"collection":[{"href":"https:\/\/www.fundacionveron.org\/en\/wp-json\/wp\/v2\/posts"}],"about":[{"href":"https:\/\/www.fundacionveron.org\/en\/wp-json\/wp\/v2\/types\/post"}],"author":[{"embeddable":true,"href":"https:\/\/www.fundacionveron.org\/en\/wp-json\/wp\/v2\/users\/7"}],"replies":[{"embeddable":true,"href":"https:\/\/www.fundacionveron.org\/en\/wp-json\/wp\/v2\/comments?post=1171"}],"version-history":[{"count":0,"href":"https:\/\/www.fundacionveron.org\/en\/wp-json\/wp\/v2\/posts\/1171\/revisions"}],"wp:attachment":[{"href":"https:\/\/www.fundacionveron.org\/en\/wp-json\/wp\/v2\/media?parent=1171"}],"wp:term":[{"taxonomy":"category","embeddable":true,"href":"https:\/\/www.fundacionveron.org\/en\/wp-json\/wp\/v2\/categories?post=1171"},{"taxonomy":"post_tag","embeddable":true,"href":"https:\/\/www.fundacionveron.org\/en\/wp-json\/wp\/v2\/tags?post=1171"}],"curies":[{"name":"wp","href":"https:\/\/api.w.org\/{rel}","templated":true}]}}