{"id":1168,"date":"2017-12-21T14:44:55","date_gmt":"2017-12-21T12:44:55","guid":{"rendered":"https:\/\/www.fundacionveron.org\/?p=1168"},"modified":"2023-08-28T13:31:09","modified_gmt":"2023-08-28T11:31:09","slug":"felicesfiestas2017","status":"publish","type":"post","link":"https:\/\/www.fundacionveron.org\/en\/felicesfiestas2017\/","title":{"rendered":"Felices Fiestas desde Fundaci\u00f3n Ver\u00f3n"},"content":{"rendered":"<p style=\"text-align: justify;\"><span style=\"font-weight: 400;\">El esp\u00edritu de la Navidad tambi\u00e9n se nota en las actividades de la Fundaci\u00f3n Ver\u00f3n en Espa\u00f1a, por eso pidi\u00f3 a los alumnos de la Escuela del Vidrio que enviaran alg\u00fan que otro trabajo con motivos navide\u00f1os as\u00ed como cuentas que son perfectas para hacer regalos. Ya sab\u00e9is, es cristal, artesano, piezas \u00fanicas, as\u00ed que, a cambio de las mismas, se solicitan unos donativos m\u00ednimos que ayudan no s\u00f3lo a decorar vuestro alrededor, sino a que los alumnos sigan su formaci\u00f3n con medios y motivaci\u00f3n. <\/span><\/p>\n<p style=\"text-align: justify;\"><span style=\"font-weight: 400;\">En esta \u00e9poca, cuando acaba el a\u00f1o, es tambi\u00e9n momento de hacer balance, comprobar qu\u00e9 se ha hecho bien y c\u00f3mo crecer para seguir avanzando. No nos olvidamos de que hay un largo camino por delante y de que la Fundaci\u00f3n debe ser incansable para llegar cada vez a m\u00e1s j\u00f3venes. Para dar a conocer la labor y los objetivos que se persiguen, los actos realizados durante el 2017 se han convertido en nuestro altavoz entre amigos (porque todo el que se interesa por la Fundaci\u00f3n se convierte en amigo), eventos tan completos como las ediciones del Cerdo Solidario, o la ayuda recibida por empresas como CH cuatro, o la incesante labor con contactos diplom\u00e1ticos espa\u00f1oles en Honduras, o las actividades que despliega la F\u00e1brica del Vidrio de la Granja, o los desvelos del Patronato, o la inagotable actividad de incre\u00edbles voluntarios en todas las \u00e1reas, unos visibles otros no tanto, pero que con su labor son capaces de transformar realidades, son algo de lo que estar satisfecho.<\/span><\/p>\n<div>En Espa\u00f1a, hemos celebrado dos eventos del Cerdo Solidario que han aportado no s\u00f3lo fondos, si no nuevos amigos y algunos nuevos socios. Estamos colaborando con AIPC Pandora, una ONG dedicada a la movilidad internacional y el voluntariado, y con quienes hemos participado con financiaci\u00f3n para el Programa de Juventud&amp;Liderazgo. Gracias a esta colaboraci\u00f3n, seis j\u00f3venes de pocas oportunidades vivieron una experiencia \u00fanica y enriquecedora.<\/div>\n<div><\/div>\n<div>En Honduras hemos avanzado con mejoras en los proyectos de David y Franklyn, que siguen avanzando, y Carlos Odair ha logrado trabajo en Dubai en un crucero, que era lo que quer\u00eda.<br \/>\nEl proyecto de la Escuela del Vidrio tambi\u00e9n ha tenido sus logros:<\/div>\n<ul>\n<li>La media de resultados acad\u00e9micos ha aumentado al 82% sobre 100.\u00a0Gracias a la extensi\u00f3n de la jornada educativa a ma\u00f1ana y tarde, los alumnos est\u00e1n m\u00e1s centrados en los estudios. Adem\u00e1s cuentan con la beca de alimentaci\u00f3n, ya que en ocasiones algunos ven\u00edan sin comer.<\/li>\n<li>Ha bajado la tasa de deserci\u00f3n del 15% al 11%.<\/li>\n<li>Ha bajado la tasa de reprobados (repetici\u00f3n del examen). En las clases t\u00e9cnicas s\u00f3lo hubo 2 reprobados de 70 alumnos, y en las asignaturas te\u00f3ricas 3 reprobados de 70.<\/li>\n<li>Ya son 4 promociones de los Estudios T\u00e9cnicos del Vidrio con la Certificaci\u00f3n de la Fundaci\u00f3n Centro Nacional del Vidrio de Segovia.<\/li>\n<\/ul>\n<p>Tambi\u00e9n somos realistas, la situaci\u00f3n actual en Honduras es dif\u00edcil. Tras las elecciones generales del pasado 26 de noviembre, a causa de la baja transparencia del proceso, la poblaci\u00f3n simpatizante de los partidos de la oposici\u00f3n (Alianza y Libre) han tomado las calles. Las protestas se han ido encrudeciendo y han dado pie a saqueos, quema negocios locales, radios etc. Se tomaron los peajes y no pasa comida o combustible a muchas zonas. El Progreso, donde estamos, es as\u00ed.<br \/>\nCon esto queremos decir que va a haber mucho que hacer en el pa\u00eds en un futuro, para apoyar a los que siempre salen peor afectados en estas situaciones: los pobres, las familias de escasos recursos y la poblaci\u00f3n en riesgo de exclusi\u00f3n. Y que estamos motivados a ello, con vuestra ayuda. Seguiremos trabajando d\u00eda a d\u00eda por la educaci\u00f3n y la inserci\u00f3n laboral de j\u00f3venes, el apoyo a sus familias y a sus comunidades.<br \/>\nOs deseamos Felices Fiestas y un 2018 lleno de retos<\/p>","protected":false},"excerpt":{"rendered":"<p>El esp\u00edritu de la Navidad tambi\u00e9n se nota en las actividades de la Fundaci\u00f3n Ver\u00f3n&#8230;<\/p>","protected":false},"author":7,"featured_media":0,"comment_status":"closed","ping_status":"open","sticky":false,"template":"","format":"standard","meta":{"_monsterinsights_skip_tracking":false,"_monsterinsights_sitenote_active":false,"_monsterinsights_sitenote_note":"","_monsterinsights_sitenote_category":0,"_price":"","_stock":"","_tribe_ticket_header":"","_tribe_default_ticket_provider":"","_ticket_start_date":"","_ticket_end_date":"","_tribe_ticket_show_description":"","_tribe_ticket_show_not_going":false,"_tribe_ticket_use_global_stock":"","_tribe_ticket_global_stock_level":"","_global_stock_mode":"","_global_stock_cap":"","_tribe_rsvp_for_event":"","_tribe_ticket_going_count":"","_tribe_ticket_not_going_count":"","_tribe_tickets_list":"[]","_tribe_ticket_has_attendee_info_fields":false,"footnotes":""},"categories":[4],"tags":[191,23,58],"class_list":["post-1168","post","type-post","status-publish","format-standard","hentry","category-fundacion-veron-en-espana","tag-felices-fiestas","tag-fundacion-veron","tag-navidad"],"wpcf_dashboard":"<div class=\"woocommerce\"><div class=\"woocommerce-info\">Please log in first? <a class=\"wpneoShowLogin\" href=\"#\">Click here to login<\/a><\/div><div class=\"wpneo_login_form_div\" style=\"display: none;\"><form name=\"loginform\" id=\"loginform\" action=\"https:\/\/www.fundacionveron.org\/en\/gestion\/\" method=\"post\"><p class=\"login-username\">\n\t\t\t\t<label for=\"user_login\">Username or Email Address<\/label>\n\t\t\t\t<input type=\"text\" name=\"log\" id=\"user_login\" autocomplete=\"username\" class=\"input\" value=\"\" size=\"20\" \/>\n\t\t\t<\/p><p class=\"login-password\">\n\t\t\t\t<label for=\"user_pass\">Password<\/label>\n\t\t\t\t<input type=\"password\" name=\"pwd\" id=\"user_pass\" autocomplete=\"current-password\" spellcheck=\"false\" class=\"input\" value=\"\" size=\"20\" \/>\n\t\t\t<\/p><p class=\"login-remember\"><label><input name=\"rememberme\" type=\"checkbox\" id=\"rememberme\" value=\"forever\" \/> Remember Me<\/label><\/p><p class=\"login-submit\">\n\t\t\t\t<input type=\"submit\" name=\"wp-submit\" id=\"wp-submit\" class=\"button button-primary\" value=\"Log In\" \/>\n\t\t\t\t<input type=\"hidden\" name=\"redirect_to\" value=\"https:\/\/www.fundacionveron.org\/en\/wp-json\/wp\/v2\/posts\/1168\" \/>\n\t\t\t<\/p><\/form><\/div><\/div>","_links":{"self":[{"href":"https:\/\/www.fundacionveron.org\/en\/wp-json\/wp\/v2\/posts\/1168","targetHints":{"allow":["GET"]}}],"collection":[{"href":"https:\/\/www.fundacionveron.org\/en\/wp-json\/wp\/v2\/posts"}],"about":[{"href":"https:\/\/www.fundacionveron.org\/en\/wp-json\/wp\/v2\/types\/post"}],"author":[{"embeddable":true,"href":"https:\/\/www.fundacionveron.org\/en\/wp-json\/wp\/v2\/users\/7"}],"replies":[{"embeddable":true,"href":"https:\/\/www.fundacionveron.org\/en\/wp-json\/wp\/v2\/comments?post=1168"}],"version-history":[{"count":0,"href":"https:\/\/www.fundacionveron.org\/en\/wp-json\/wp\/v2\/posts\/1168\/revisions"}],"wp:attachment":[{"href":"https:\/\/www.fundacionveron.org\/en\/wp-json\/wp\/v2\/media?parent=1168"}],"wp:term":[{"taxonomy":"category","embeddable":true,"href":"https:\/\/www.fundacionveron.org\/en\/wp-json\/wp\/v2\/categories?post=1168"},{"taxonomy":"post_tag","embeddable":true,"href":"https:\/\/www.fundacionveron.org\/en\/wp-json\/wp\/v2\/tags?post=1168"}],"curies":[{"name":"wp","href":"https:\/\/api.w.org\/{rel}","templated":true}]}}