{"id":1146,"date":"2017-11-30T09:40:09","date_gmt":"2017-11-30T07:40:09","guid":{"rendered":"https:\/\/www.fundacionveron.org\/?p=1146"},"modified":"2023-08-28T13:31:59","modified_gmt":"2023-08-28T11:31:59","slug":"fundacion-veron-en-el-evento-de-presentacion-de-chcuatro","status":"publish","type":"post","link":"https:\/\/www.fundacionveron.org\/en\/fundacion-veron-en-el-evento-de-presentacion-de-chcuatro\/","title":{"rendered":"Fundaci\u00f3n Ver\u00f3n en el evento de presentaci\u00f3n de CHCuatro"},"content":{"rendered":"<p style=\"text-align: justify;\"><b>La participaci\u00f3n de Ver\u00f3n en la inauguraci\u00f3n de CH Cuatro Comercializadora de Gas<\/b><\/p>\n<p style=\"text-align: justify;\"><span style=\"font-weight: 400;\">El pasado 2 de noviembre la comercializadora de gas<span style=\"text-decoration: underline;\"><strong> <a href=\"http:\/\/www.chcuatrogas.com\/\">CH Cuatro<\/a><\/strong><\/span> celebr\u00f3 su presentaci\u00f3n a clientes y amigos en el Palacio de las Alhajas de Madrid. Fu\u00e9 divertida, distendida y original. Con este motivo y como colaboradores\/socios de la Fundaci\u00f3n Ver\u00f3n nos invitaron a participar para dar difusi\u00f3n a nuestra labor. <\/span><\/p>\n<p style=\"text-align: justify;\"><span style=\"font-weight: 400;\">No s\u00f3lo tuvimos la oportunidad de presentarnos, Marta fu\u00e9 la responsable de contarles a todos los proyectos y los objetivos de Ver\u00f3n, apoy\u00e1ndose en un video genial que, si todav\u00eda no hab\u00e9is visionado, os recomendamos; sino que en cada elemento estaba nuestro logotipo para que nadie nos pudiera perder de vista. Un acto de generosidad por parte de CH Cuatro, con menci\u00f3n especial a su CEO Juan Bosch, que esperamos nos ayude a aumentar el n\u00famero de colaboradores y por qu\u00e9 no, de socios<\/span><\/p>\n<p style=\"text-align: justify;\"><span style=\"font-weight: 400;\">Por otro lado, Lex, guitarrista, cantante, songwritter, y su equipo, se encargaron de animar, de poner ritmo y alegr\u00eda en un evento que de por s\u00ed destilaba buen humor y es que, es inevitable, la ilusi\u00f3n de los nuevos proyectos, las ganas y un equipo top, profesional y personalmente hablando, crearon un clima \u00fanico. Adem\u00e1s, el grupo tambi\u00e9n sintoniz\u00f3 con la Fundaci\u00f3n y subieron a su twitter e instagram im\u00e1genes del evento y del photocall d\u00f3nde est\u00e1bamos presentes, teniendo en cuenta que son m\u00e1s de 14.000 seguidores, pues es una alegr\u00eda, no lo vamos a negar.<\/span><\/p>\n<p style=\"text-align: justify;\"><span style=\"font-weight: 400;\">Necesitamos toda la difusi\u00f3n posible, toda colaboraci\u00f3n y soporte para seguir, para mejorar, y para hacer realidad los objetivos de tantos chicos como David, como Franklyn, como \u00a0<\/span><span style=\"font-weight: 400;\">pero c\u00f3mo contaros una fiesta sin que ve\u00e1is sus momentos, ah\u00ed os dejamos unas im\u00e1genes para que os hag\u00e1is una idea. <\/span><\/p>\n<p style=\"text-align: justify;\"><span style=\"font-weight: 400;\">\u00a0\u00a0<\/span><br \/>\nLex y su banda con Juan Bosch, el CEO<\/p>\n<p>En el escenario, la presentaci\u00f3n<\/p>\n<p>&nbsp;<\/p>\n<p>El CEO se anim\u00f3 a tocar con la banda<\/p>\n<p>El evento sali\u00f3 fenomenal y CH Cuatro se mostr\u00f3 con una empresa cercana, solidaria y divertida.<\/p>","protected":false},"excerpt":{"rendered":"<p>La participaci\u00f3n de Ver\u00f3n en la inauguraci\u00f3n de CH Cuatro Comercializadora de Gas El pasado&#8230;<\/p>","protected":false},"author":7,"featured_media":0,"comment_status":"closed","ping_status":"open","sticky":false,"template":"","format":"standard","meta":{"_monsterinsights_skip_tracking":false,"_monsterinsights_sitenote_active":false,"_monsterinsights_sitenote_note":"","_monsterinsights_sitenote_category":0,"_price":"","_stock":"","_tribe_ticket_header":"","_tribe_default_ticket_provider":"","_ticket_start_date":"","_ticket_end_date":"","_tribe_ticket_show_description":"","_tribe_ticket_show_not_going":false,"_tribe_ticket_use_global_stock":"","_tribe_ticket_global_stock_level":"","_global_stock_mode":"","_global_stock_cap":"","_tribe_rsvp_for_event":"","_tribe_ticket_going_count":"","_tribe_ticket_not_going_count":"","_tribe_tickets_list":"[]","_tribe_ticket_has_attendee_info_fields":false,"footnotes":""},"categories":[4],"tags":[123,192,193],"class_list":["post-1146","post","type-post","status-publish","format-standard","hentry","category-fundacion-veron-en-espana","tag-chcuatro","tag-empresa-solidaria","tag-responsabilidad-social-corporativa"],"wpcf_dashboard":"<div class=\"woocommerce\"><div class=\"woocommerce-info\">Please log in first? <a class=\"wpneoShowLogin\" href=\"#\">Click here to login<\/a><\/div><div class=\"wpneo_login_form_div\" style=\"display: none;\"><form name=\"loginform\" id=\"loginform\" action=\"https:\/\/www.fundacionveron.org\/en\/gestion\/\" method=\"post\"><p class=\"login-username\">\n\t\t\t\t<label for=\"user_login\">Username or Email Address<\/label>\n\t\t\t\t<input type=\"text\" name=\"log\" id=\"user_login\" autocomplete=\"username\" class=\"input\" value=\"\" size=\"20\" \/>\n\t\t\t<\/p><p class=\"login-password\">\n\t\t\t\t<label for=\"user_pass\">Password<\/label>\n\t\t\t\t<input type=\"password\" name=\"pwd\" id=\"user_pass\" autocomplete=\"current-password\" spellcheck=\"false\" class=\"input\" value=\"\" size=\"20\" \/>\n\t\t\t<\/p><p class=\"login-remember\"><label><input name=\"rememberme\" type=\"checkbox\" id=\"rememberme\" value=\"forever\" \/> Remember Me<\/label><\/p><p class=\"login-submit\">\n\t\t\t\t<input type=\"submit\" name=\"wp-submit\" id=\"wp-submit\" class=\"button button-primary\" value=\"Log In\" \/>\n\t\t\t\t<input type=\"hidden\" name=\"redirect_to\" value=\"https:\/\/www.fundacionveron.org\/en\/wp-json\/wp\/v2\/posts\/1146\" \/>\n\t\t\t<\/p><\/form><\/div><\/div>","_links":{"self":[{"href":"https:\/\/www.fundacionveron.org\/en\/wp-json\/wp\/v2\/posts\/1146","targetHints":{"allow":["GET"]}}],"collection":[{"href":"https:\/\/www.fundacionveron.org\/en\/wp-json\/wp\/v2\/posts"}],"about":[{"href":"https:\/\/www.fundacionveron.org\/en\/wp-json\/wp\/v2\/types\/post"}],"author":[{"embeddable":true,"href":"https:\/\/www.fundacionveron.org\/en\/wp-json\/wp\/v2\/users\/7"}],"replies":[{"embeddable":true,"href":"https:\/\/www.fundacionveron.org\/en\/wp-json\/wp\/v2\/comments?post=1146"}],"version-history":[{"count":0,"href":"https:\/\/www.fundacionveron.org\/en\/wp-json\/wp\/v2\/posts\/1146\/revisions"}],"wp:attachment":[{"href":"https:\/\/www.fundacionveron.org\/en\/wp-json\/wp\/v2\/media?parent=1146"}],"wp:term":[{"taxonomy":"category","embeddable":true,"href":"https:\/\/www.fundacionveron.org\/en\/wp-json\/wp\/v2\/categories?post=1146"},{"taxonomy":"post_tag","embeddable":true,"href":"https:\/\/www.fundacionveron.org\/en\/wp-json\/wp\/v2\/tags?post=1146"}],"curies":[{"name":"wp","href":"https:\/\/api.w.org\/{rel}","templated":true}]}}