{"id":1124,"date":"2017-10-26T10:52:13","date_gmt":"2017-10-26T08:52:13","guid":{"rendered":"https:\/\/www.fundacionveron.org\/?p=1124"},"modified":"2023-08-28T13:32:47","modified_gmt":"2023-08-28T11:32:47","slug":"franklynavancesoctubre2017","status":"publish","type":"post","link":"https:\/\/www.fundacionveron.org\/en\/franklynavancesoctubre2017\/","title":{"rendered":"Franklyn sigue adelante con su Barber\u00eda en Arena Blanca"},"content":{"rendered":"<p style=\"text-align: justify;\"><span style=\"font-weight: 400;\">Franklin es un tipo estupendo y, cuando nos escribe, siempre hace aflorar una sonrisa que nos llena de optimismo. De \u00e9l os hemos hablado en alguna ocasi\u00f3n, porque fue alumno de La Escuela del Vidrio y luego entr\u00f3 en el Programa de Aprendizaje LAHAT, d\u00f3nde aprovech\u00f3 al m\u00e1ximo los contenidos relativos a organizaci\u00f3n empresarial. \u00a0Se puso en marcha y al inicio del a\u00f1o, gracias al Fondo de J\u00f3venes Emprendedores de la Fundaci\u00f3n Ver\u00f3n, pudo abrir su propio negocio, su propia barber\u00eda: LA BARBER\u00cdA DE FRANKLIN. <\/span><\/p>\n<p style=\"text-align: justify;\"><span style=\"font-weight: 400;\">Literalmente la tuvo que construir, porque el lugar no contaba ni con ventanas ni con tejado, pero ahora ya est\u00e1 pensando en agrandar el local o hacer una sala de espera y comprar una silla m\u00e1s profesional, todo en cuanto pueda permit\u00edrselo. A \u00e9l le preocupa seguir mejorando, pero no s\u00f3lo en lo relativo a la arquitectura, sino tambi\u00e9n en el servicio. <\/span><\/p>\n<p style=\"text-align: justify;\"><span style=\"font-weight: 400;\">Estudia el resto de los negocios para aprovechar la profesionalidad y experiencia de los dem\u00e1s barberos y \u00e9l mismo nos dice \u201cel truco para mantener y ganar clientela es brindar un buen servicio y una atenci\u00f3n de calidad&#8230;\u201d \u00a0As\u00ed, obvio, ha ido fidelizando y ganando nuevos clientes, y seguro que le esperan muchos m\u00e1s.<\/span><\/p>\n<p>&nbsp;<\/p>\n<p style=\"text-align: justify;\"><span style=\"font-weight: 400;\">Como Franklin hay muchos otros j\u00f3venes que s\u00f3lo esperan tener la oportunidad, aprovecharla y cambiar su destino. Necesitan una formaci\u00f3n que sin ayuda les ser\u00eda imposible alcanzar y un punto de partida, tienen nombre, rostro, familia, sue\u00f1os&#8230; y por eso queremos que los conozc\u00e1is, como son, para que nunca se conviertan en s\u00f3lo n\u00fameros de estad\u00edsticas y compart\u00e1is la alegr\u00eda de verlos avanzar.<\/span><\/p>\n<p style=\"text-align: justify;\">Pueden seguir a Franklyn en Facebook <a href=\"https:\/\/www.facebook.com\/franklin.arita.18\">AQU\u00cd<\/a><\/p>","protected":false},"excerpt":{"rendered":"<p>Franklin es un tipo estupendo y, cuando nos escribe, siempre hace aflorar una sonrisa que&#8230;<\/p>","protected":false},"author":7,"featured_media":0,"comment_status":"closed","ping_status":"open","sticky":false,"template":"","format":"standard","meta":{"_monsterinsights_skip_tracking":false,"_monsterinsights_sitenote_active":false,"_monsterinsights_sitenote_note":"","_monsterinsights_sitenote_category":0,"_price":"","_stock":"","_tribe_ticket_header":"","_tribe_default_ticket_provider":"","_ticket_start_date":"","_ticket_end_date":"","_tribe_ticket_show_description":"","_tribe_ticket_show_not_going":false,"_tribe_ticket_use_global_stock":"","_tribe_ticket_global_stock_level":"","_global_stock_mode":"","_global_stock_cap":"","_tribe_rsvp_for_event":"","_tribe_ticket_going_count":"","_tribe_ticket_not_going_count":"","_tribe_tickets_list":"[]","_tribe_ticket_has_attendee_info_fields":false,"footnotes":""},"categories":[5],"tags":[71,173,25,116,72],"class_list":["post-1124","post","type-post","status-publish","format-standard","hentry","category-fundacion-veron-en-honduras","tag-emprendimiento","tag-emprendimiento-joven","tag-honduras","tag-microcredito","tag-microcreditos-al-desarrollo"],"wpcf_dashboard":"<div class=\"woocommerce\"><div class=\"woocommerce-info\">Please log in first? <a class=\"wpneoShowLogin\" href=\"#\">Click here to login<\/a><\/div><div class=\"wpneo_login_form_div\" style=\"display: none;\"><form name=\"loginform\" id=\"loginform\" action=\"https:\/\/www.fundacionveron.org\/en\/gestion\/\" method=\"post\"><p class=\"login-username\">\n\t\t\t\t<label for=\"user_login\">Username or Email Address<\/label>\n\t\t\t\t<input type=\"text\" name=\"log\" id=\"user_login\" autocomplete=\"username\" class=\"input\" value=\"\" size=\"20\" \/>\n\t\t\t<\/p><p class=\"login-password\">\n\t\t\t\t<label for=\"user_pass\">Password<\/label>\n\t\t\t\t<input type=\"password\" name=\"pwd\" id=\"user_pass\" autocomplete=\"current-password\" spellcheck=\"false\" class=\"input\" value=\"\" size=\"20\" \/>\n\t\t\t<\/p><p class=\"login-remember\"><label><input name=\"rememberme\" type=\"checkbox\" id=\"rememberme\" value=\"forever\" \/> Remember Me<\/label><\/p><p class=\"login-submit\">\n\t\t\t\t<input type=\"submit\" name=\"wp-submit\" id=\"wp-submit\" class=\"button button-primary\" value=\"Log In\" \/>\n\t\t\t\t<input type=\"hidden\" name=\"redirect_to\" value=\"https:\/\/www.fundacionveron.org\/en\/wp-json\/wp\/v2\/posts\/1124\" \/>\n\t\t\t<\/p><\/form><\/div><\/div>","_links":{"self":[{"href":"https:\/\/www.fundacionveron.org\/en\/wp-json\/wp\/v2\/posts\/1124","targetHints":{"allow":["GET"]}}],"collection":[{"href":"https:\/\/www.fundacionveron.org\/en\/wp-json\/wp\/v2\/posts"}],"about":[{"href":"https:\/\/www.fundacionveron.org\/en\/wp-json\/wp\/v2\/types\/post"}],"author":[{"embeddable":true,"href":"https:\/\/www.fundacionveron.org\/en\/wp-json\/wp\/v2\/users\/7"}],"replies":[{"embeddable":true,"href":"https:\/\/www.fundacionveron.org\/en\/wp-json\/wp\/v2\/comments?post=1124"}],"version-history":[{"count":0,"href":"https:\/\/www.fundacionveron.org\/en\/wp-json\/wp\/v2\/posts\/1124\/revisions"}],"wp:attachment":[{"href":"https:\/\/www.fundacionveron.org\/en\/wp-json\/wp\/v2\/media?parent=1124"}],"wp:term":[{"taxonomy":"category","embeddable":true,"href":"https:\/\/www.fundacionveron.org\/en\/wp-json\/wp\/v2\/categories?post=1124"},{"taxonomy":"post_tag","embeddable":true,"href":"https:\/\/www.fundacionveron.org\/en\/wp-json\/wp\/v2\/tags?post=1124"}],"curies":[{"name":"wp","href":"https:\/\/api.w.org\/{rel}","templated":true}]}}