{"id":1087,"date":"2017-09-25T14:19:28","date_gmt":"2017-09-25T12:19:28","guid":{"rendered":"https:\/\/www.fundacionveron.org\/?p=1087"},"modified":"2019-10-09T18:40:30","modified_gmt":"2019-10-09T16:40:30","slug":"afagrodavid","status":"publish","type":"post","link":"https:\/\/www.fundacionveron.org\/en\/afagrodavid\/","title":{"rendered":"AFAGRO, la cooperativa agr\u00edcola de David"},"content":{"rendered":"<h3 dir=\"ltr\" style=\"text-align: center;\"><strong>David, nuestro joven emprendedor, ya tiene nombre y logotipo para su Cooperativa Agr\u00edcola: AFAGRO. Ahora su microempresa se encuentra en proceso de constituci\u00f3n.<\/strong><\/h3>\n<div dir=\"ltr\" style=\"text-align: justify;\"><img loading=\"lazy\" decoding=\"async\" class=\"size-medium wp-image-2409 aligncenter\" src=\"https:\/\/www.fundacionveron.org\/wp-content\/uploads\/2017\/09\/IMG_20160811_085417-300x225.jpg\" alt=\"\" width=\"300\" height=\"225\" srcset=\"https:\/\/www.fundacionveron.org\/wp-content\/uploads\/2017\/09\/IMG_20160811_085417-300x225.jpg 300w, https:\/\/www.fundacionveron.org\/wp-content\/uploads\/2017\/09\/IMG_20160811_085417-600x450.jpg 600w, https:\/\/www.fundacionveron.org\/wp-content\/uploads\/2017\/09\/IMG_20160811_085417-768x576.jpg 768w, https:\/\/www.fundacionveron.org\/wp-content\/uploads\/2017\/09\/IMG_20160811_085417-1024x768.jpg 1024w, https:\/\/www.fundacionveron.org\/wp-content\/uploads\/2017\/09\/IMG_20160811_085417-800x600.jpg 800w, https:\/\/www.fundacionveron.org\/wp-content\/uploads\/2017\/09\/IMG_20160811_085417-700x525.jpg 700w\" sizes=\"auto, (max-width: 300px) 100vw, 300px\" \/><\/div>\n<div dir=\"ltr\" style=\"text-align: justify;\"><\/div>\n<div dir=\"ltr\" style=\"text-align: justify;\"><\/div>\n<div dir=\"ltr\" style=\"text-align: justify;\">S\u00ed, con 20 a\u00f1os el joven David lleva su propia cooperativa y est\u00e1 avanzando por el buen camino. El voluntario Jorge Crespo, especialista den Desarrollo de Negocios, en su estancia en Honduras tambi\u00e9n ha tenido tiempo para apoyar el proyecto de David.<\/div>\n<div dir=\"ltr\" style=\"text-align: justify;\"><\/div>\n<div dir=\"ltr\" style=\"text-align: justify;\">Adem\u00e1s del mantenimiento de la finca ya establecida, en la que cuenta con los plantaciones: una de cacao y otra de yuca, ahora diversifica los ingresos de la cooperativa, creando\u00a0viveros para la extensi\u00f3n de siembra de cacao, propia y ajena. Esta iniciativa le proporciona sostenibilidad hasta que los palos (\u00e1rboles) de cacao den su fruto.<\/div>\n<div dir=\"ltr\" style=\"text-align: justify;\"><\/div>\n<div dir=\"ltr\" style=\"text-align: justify;\">Igualmente, con David comienza a desarrollar el \u00e1rea comercial, realizando visitas a nuevos lugares para conseguir clientes y fomentar la propagaci\u00f3n del cacao, agroqu\u00edmicos y de semillas.<\/div>\n<div id=\"m_-8512072527271581102yiv8910084648yui_3_16_0_ym19_1_1506047195103_13288\" dir=\"ltr\" style=\"text-align: justify;\"><img loading=\"lazy\" decoding=\"async\" class=\"size-medium wp-image-2410 aligncenter\" src=\"https:\/\/www.fundacionveron.org\/wp-content\/uploads\/2017\/09\/IMG_20160811_094451-225x300.jpg\" alt=\"\" width=\"225\" height=\"300\" srcset=\"https:\/\/www.fundacionveron.org\/wp-content\/uploads\/2017\/09\/IMG_20160811_094451-225x300.jpg 225w, https:\/\/www.fundacionveron.org\/wp-content\/uploads\/2017\/09\/IMG_20160811_094451-600x800.jpg 600w, https:\/\/www.fundacionveron.org\/wp-content\/uploads\/2017\/09\/IMG_20160811_094451-768x1024.jpg 768w, https:\/\/www.fundacionveron.org\/wp-content\/uploads\/2017\/09\/IMG_20160811_094451-700x933.jpg 700w, https:\/\/www.fundacionveron.org\/wp-content\/uploads\/2017\/09\/IMG_20160811_094451.jpg 1920w\" sizes=\"auto, (max-width: 225px) 100vw, 225px\" \/><\/div>\n<div id=\"m_-8512072527271581102yiv8910084648yui_3_16_0_ym19_1_1506047195103_13288\" dir=\"ltr\" style=\"text-align: justify;\"><\/div>\n<div id=\"m_-8512072527271581102yiv8910084648yui_3_16_0_ym19_1_1506047195103_13288\" dir=\"ltr\" style=\"text-align: justify;\">En referencia a sus estudios en Ingenier\u00eda Agr\u00f3noma, David nos cuenta: \u00abEstoy dando lo mejor de mi. He terminado el segundo periodo aprobando las cuatro clases con un \u00edndice de 81.05 % \u00a0e iniciando el ultimo periodo del a\u00f1o con clases de la carrera, siempre con el prop\u00f3sito de avanzar aprender y sobre todo cumplir la meta.\u00bb<\/div>\n<div dir=\"ltr\" style=\"text-align: justify;\"><\/div>\n<div dir=\"ltr\" style=\"text-align: justify;\"><\/div>\n<div dir=\"ltr\" style=\"text-align: justify;\">Como siempre, nos hace llegar sus palabras de agradecimiento. Y queremos unir a las personas que son socias y que colaboran con nuestra organizaci\u00f3n, para hacer posible una realidad distinta a j\u00f3venes que de otra manera no tendr\u00edan ninguna oportunidad. Por ello, compartimos con vosotros estas palabras directamente de David:<\/div>\n<div dir=\"ltr\" style=\"text-align: justify;\"><\/div>\n<div dir=\"ltr\" style=\"text-align: justify;\"><em>\u00abHola, es gusto de mi parte dirigirme hacia ustedes, para saludarles y agradecerles por el maravilloso apoyo que he recibido de su parte. Cada d\u00eda me siento feliz por lo que hago y aprendo en este transcurso de mi vida. Con la ayuda que recib\u00ed de su parte he iniciado el camino que siempre hab\u00eda so\u00f1ado, viviendo experiencias maravillosas en el trabajo y con las amistades, las cuales me han llenado de muchos beneficios buenos como ser, madurar como persona; esto no hab\u00eda sido posible sin el apoyo de todos ustedes. Muchas gracias. \u00ab<\/em><\/div>\n<div dir=\"ltr\"><img loading=\"lazy\" decoding=\"async\" class=\"size-medium wp-image-2412 aligncenter\" src=\"https:\/\/www.fundacionveron.org\/wp-content\/uploads\/2017\/09\/IMG_20160811_090443-225x300.jpg\" alt=\"\" width=\"225\" height=\"300\" srcset=\"https:\/\/www.fundacionveron.org\/wp-content\/uploads\/2017\/09\/IMG_20160811_090443-225x300.jpg 225w, https:\/\/www.fundacionveron.org\/wp-content\/uploads\/2017\/09\/IMG_20160811_090443-600x800.jpg 600w, https:\/\/www.fundacionveron.org\/wp-content\/uploads\/2017\/09\/IMG_20160811_090443-768x1024.jpg 768w, https:\/\/www.fundacionveron.org\/wp-content\/uploads\/2017\/09\/IMG_20160811_090443-700x933.jpg 700w, https:\/\/www.fundacionveron.org\/wp-content\/uploads\/2017\/09\/IMG_20160811_090443.jpg 1920w\" sizes=\"auto, (max-width: 225px) 100vw, 225px\" \/><\/div>\n<div dir=\"ltr\" style=\"text-align: justify;\"><\/div>","protected":false},"excerpt":{"rendered":"<p>David, nuestro joven emprendedor, ya tiene nombre y logotipo para su Cooperativa Agr\u00edcola: AFAGRO. Ahora&#8230;<\/p>","protected":false},"author":7,"featured_media":0,"comment_status":"closed","ping_status":"open","sticky":false,"template":"","format":"standard","meta":{"_monsterinsights_skip_tracking":false,"_monsterinsights_sitenote_active":false,"_monsterinsights_sitenote_note":"","_monsterinsights_sitenote_category":0,"_price":"","_stock":"","_tribe_ticket_header":"","_tribe_default_ticket_provider":"","_ticket_start_date":"","_ticket_end_date":"","_tribe_ticket_show_description":"","_tribe_ticket_show_not_going":false,"_tribe_ticket_use_global_stock":"","_tribe_ticket_global_stock_level":"","_global_stock_mode":"","_global_stock_cap":"","_tribe_rsvp_for_event":"","_tribe_ticket_going_count":"","_tribe_ticket_not_going_count":"","_tribe_tickets_list":"[]","_tribe_ticket_has_attendee_info_fields":false,"footnotes":""},"categories":[5],"tags":[73,29,109,71,116,72],"class_list":["post-1087","post","type-post","status-publish","format-standard","hentry","category-fundacion-veron-en-honduras","tag-agricultura","tag-agronomia","tag-empleabilidad","tag-emprendimiento","tag-microcredito","tag-microcreditos-al-desarrollo"],"wpcf_dashboard":"<div class=\"woocommerce\"><div class=\"woocommerce-info\">Please log in first? <a class=\"wpneoShowLogin\" href=\"#\">Click here to login<\/a><\/div><div class=\"wpneo_login_form_div\" style=\"display: none;\"><form name=\"loginform\" id=\"loginform\" action=\"https:\/\/www.fundacionveron.org\/en\/gestion\/\" method=\"post\"><p class=\"login-username\">\n\t\t\t\t<label for=\"user_login\">Username or Email Address<\/label>\n\t\t\t\t<input type=\"text\" name=\"log\" id=\"user_login\" autocomplete=\"username\" class=\"input\" value=\"\" size=\"20\" \/>\n\t\t\t<\/p><p class=\"login-password\">\n\t\t\t\t<label for=\"user_pass\">Password<\/label>\n\t\t\t\t<input type=\"password\" name=\"pwd\" id=\"user_pass\" autocomplete=\"current-password\" spellcheck=\"false\" class=\"input\" value=\"\" size=\"20\" \/>\n\t\t\t<\/p><p class=\"login-remember\"><label><input name=\"rememberme\" type=\"checkbox\" id=\"rememberme\" value=\"forever\" \/> Remember Me<\/label><\/p><p class=\"login-submit\">\n\t\t\t\t<input type=\"submit\" name=\"wp-submit\" id=\"wp-submit\" class=\"button button-primary\" value=\"Log In\" \/>\n\t\t\t\t<input type=\"hidden\" name=\"redirect_to\" value=\"https:\/\/www.fundacionveron.org\/en\/wp-json\/wp\/v2\/posts\/1087\" \/>\n\t\t\t<\/p><\/form><\/div><\/div>","_links":{"self":[{"href":"https:\/\/www.fundacionveron.org\/en\/wp-json\/wp\/v2\/posts\/1087","targetHints":{"allow":["GET"]}}],"collection":[{"href":"https:\/\/www.fundacionveron.org\/en\/wp-json\/wp\/v2\/posts"}],"about":[{"href":"https:\/\/www.fundacionveron.org\/en\/wp-json\/wp\/v2\/types\/post"}],"author":[{"embeddable":true,"href":"https:\/\/www.fundacionveron.org\/en\/wp-json\/wp\/v2\/users\/7"}],"replies":[{"embeddable":true,"href":"https:\/\/www.fundacionveron.org\/en\/wp-json\/wp\/v2\/comments?post=1087"}],"version-history":[{"count":0,"href":"https:\/\/www.fundacionveron.org\/en\/wp-json\/wp\/v2\/posts\/1087\/revisions"}],"wp:attachment":[{"href":"https:\/\/www.fundacionveron.org\/en\/wp-json\/wp\/v2\/media?parent=1087"}],"wp:term":[{"taxonomy":"category","embeddable":true,"href":"https:\/\/www.fundacionveron.org\/en\/wp-json\/wp\/v2\/categories?post=1087"},{"taxonomy":"post_tag","embeddable":true,"href":"https:\/\/www.fundacionveron.org\/en\/wp-json\/wp\/v2\/tags?post=1087"}],"curies":[{"name":"wp","href":"https:\/\/api.w.org\/{rel}","templated":true}]}}