{"id":1072,"date":"2017-09-12T10:55:28","date_gmt":"2017-09-12T08:55:28","guid":{"rendered":"https:\/\/www.fundacionveron.org\/?p=1072"},"modified":"2022-04-01T10:37:37","modified_gmt":"2022-04-01T08:37:37","slug":"ya-han-vuelto-los-cuatro-fantasticos","status":"publish","type":"post","link":"https:\/\/www.fundacionveron.org\/en\/ya-han-vuelto-los-cuatro-fantasticos\/","title":{"rendered":"Ya han vuelto Los Cuatro Fant\u00e1sticos"},"content":{"rendered":"<p style=\"text-align: justify;\"><b>GRACIAS, GRACIAS, GRACIAS<\/b><\/p>\n<p style=\"text-align: justify;\"><span style=\"font-weight: 400;\">No nos referimos a los superh\u00e9roes de la pel\u00edcula, que adem\u00e1s no era muy buena, no, nosotros nos referimos a cuatro personas geniales: <\/span><span style=\"font-weight: 400;\">\u00a0(Daniel Guti\u00e9rrez, Marihola Bernab\u00e9, Alicia de la Fuente y Alicia Moreno)<\/span><span style=\"font-weight: 400;\">, que acaban de volver de hacer un voluntariado en Honduras para ayudar en la formaci\u00f3n de la especialidad de hosteler\u00eda de La Escuela del Vidrio. Sus objetivos: formaci\u00f3n en barista (caf\u00e9s y smoothies), pasteler\u00eda, nutrici\u00f3n saludable, atenci\u00f3n al cliente y protocolo de servicio en restaurantes. No era una formaci\u00f3n al uso, adem\u00e1s el perfil de los chicos tambi\u00e9n requer\u00eda una atenci\u00f3n especial, pero ellos no s\u00f3lo son unos profesionales acad\u00e9micamente hablando, son expertos en pedagog\u00edas con perfiles adaptados. As\u00ed, crearon un programa especial, cada uno se dedic\u00f3 a un \u00e1rea y se encargaron de que todas estuvieran coordinadas para que los alumnos adquieran una visi\u00f3n global, vamos que los chicos en sala supieran los ingredientes de cada plato, o tuvieran en cuenta que tan importante es saber hacer un delicioso capuccino, como moverse con elegancia con la bandeja en que lo portan, y saber los beneficios o peligros de sus ingredientes.<\/span><\/p>\n<p style=\"text-align: justify;\"><a href=\"https:\/\/www.fundacionveron.org\/wp-content\/uploads\/2017\/09\/Chicos-en-la-escuela-cocinando.jpg\"><img loading=\"lazy\" decoding=\"async\" class=\"aligncenter size-full wp-image-1073\" src=\"https:\/\/www.fundacionveron.org\/wp-content\/uploads\/2017\/09\/Chicos-en-la-escuela-cocinando.jpg\" alt=\"Chicos en la escuela cocinando\" width=\"960\" height=\"539\" \/><\/a><\/p>\n<p style=\"text-align: justify;\"><span style=\"font-weight: 400;\">Daniel les ense\u00f1\u00f3 c\u00f3mo hacer riqu\u00edsimos c\u00f3cteles sin alcohol y los caf\u00e9s como grandes baristas<\/span><\/p>\n<p style=\"text-align: justify;\"><span style=\"font-weight: 400;\">Alicia Moreno les di\u00f3 clases de reposteria, una dulce alquimia que requiere de mucha atenci\u00f3n.<\/span><\/p>\n<p style=\"text-align: justify;\"><span style=\"font-weight: 400;\">Marihola les introdujo en el arte de servir la sala con gracia y eficacia, que esto rima, pero la pr\u00e1ctica no es tan f\u00e1cil<\/span><\/p>\n<p style=\"text-align: justify;\"><span style=\"font-weight: 400;\">Y, por \u00faltimo, Alicia de la Fuente, les form\u00f3 en el campo de la nutrici\u00f3n, para que platos e ingredientes no tuvieran secretos para ellos. \u00a0<\/span><\/p>\n<p style=\"text-align: justify;\"><a href=\"https:\/\/www.facebook.com\/613745218783423\/videos\/887566904734585\/\"><img loading=\"lazy\" decoding=\"async\" class=\"aligncenter wp-image-1075 size-full\" src=\"https:\/\/www.fundacionveron.org\/wp-content\/uploads\/2017\/09\/videomerengue.jpg\" alt=\"videomerengue\" width=\"691\" height=\"377\" \/><\/a><\/p>\n<p style=\"text-align: justify;\"><span style=\"font-weight: 400;\">Unos talleres espec\u00edficos que persiguen la excelencia en la formaci\u00f3n de los alumnos, para que tengan muy presente que la profesionalidad en cada \u00e1rea ser\u00e1 su valor a\u00f1adido, pero, en esta ocasi\u00f3n adem\u00e1s, la relaci\u00f3n que se estableci\u00f3 entre profesores y alumnos fue realmente especial. Un voluntariado intenso que tenemos que agradecer tambi\u00e9n a la Fundaci\u00f3n Tomillo y AIPC Pandora. Estas organizaciones has participado en la gesti\u00f3n del voluntariado, liderado por AIPC Pandora, una asociaci\u00f3n especializada en experiencias transformadoras.\u00a0<\/span><\/p>","protected":false},"excerpt":{"rendered":"<p>GRACIAS, GRACIAS, GRACIAS No nos referimos a los superh\u00e9roes de la pel\u00edcula, que adem\u00e1s no&#8230;<\/p>","protected":false},"author":7,"featured_media":1074,"comment_status":"closed","ping_status":"open","sticky":false,"template":"","format":"standard","meta":{"_monsterinsights_skip_tracking":false,"_monsterinsights_sitenote_active":false,"_monsterinsights_sitenote_note":"","_monsterinsights_sitenote_category":0,"_price":"","_stock":"","_tribe_ticket_header":"","_tribe_default_ticket_provider":"","_ticket_start_date":"","_ticket_end_date":"","_tribe_ticket_show_description":"","_tribe_ticket_show_not_going":false,"_tribe_ticket_use_global_stock":"","_tribe_ticket_global_stock_level":"","_global_stock_mode":"","_global_stock_cap":"","_tribe_rsvp_for_event":"","_tribe_ticket_going_count":"","_tribe_ticket_not_going_count":"","_tribe_tickets_list":"[]","_tribe_ticket_has_attendee_info_fields":false,"footnotes":""},"categories":[5],"tags":[406,37,25,42,57,198],"class_list":["post-1072","post","type-post","status-publish","format-standard","has-post-thumbnail","hentry","category-fundacion-veron-en-honduras","tag-cocina-y-turismo","tag-espana","tag-honduras","tag-hosteleria","tag-voluntariado","tag-voluntariado-profesional"],"wpcf_dashboard":"<div class=\"woocommerce\"><div class=\"woocommerce-info\">Please log in first? <a class=\"wpneoShowLogin\" href=\"#\">Click here to login<\/a><\/div><div class=\"wpneo_login_form_div\" style=\"display: none;\"><form name=\"loginform\" id=\"loginform\" action=\"https:\/\/www.fundacionveron.org\/en\/gestion\/\" method=\"post\"><p class=\"login-username\">\n\t\t\t\t<label for=\"user_login\">Username or Email Address<\/label>\n\t\t\t\t<input type=\"text\" name=\"log\" id=\"user_login\" autocomplete=\"username\" class=\"input\" value=\"\" size=\"20\" \/>\n\t\t\t<\/p><p class=\"login-password\">\n\t\t\t\t<label for=\"user_pass\">Password<\/label>\n\t\t\t\t<input type=\"password\" name=\"pwd\" id=\"user_pass\" autocomplete=\"current-password\" spellcheck=\"false\" class=\"input\" value=\"\" size=\"20\" \/>\n\t\t\t<\/p><p class=\"login-remember\"><label><input name=\"rememberme\" type=\"checkbox\" id=\"rememberme\" value=\"forever\" \/> Remember Me<\/label><\/p><p class=\"login-submit\">\n\t\t\t\t<input type=\"submit\" name=\"wp-submit\" id=\"wp-submit\" class=\"button button-primary\" value=\"Log In\" \/>\n\t\t\t\t<input type=\"hidden\" name=\"redirect_to\" value=\"https:\/\/www.fundacionveron.org\/en\/wp-json\/wp\/v2\/posts\/1072\" \/>\n\t\t\t<\/p><\/form><\/div><\/div>","_links":{"self":[{"href":"https:\/\/www.fundacionveron.org\/en\/wp-json\/wp\/v2\/posts\/1072","targetHints":{"allow":["GET"]}}],"collection":[{"href":"https:\/\/www.fundacionveron.org\/en\/wp-json\/wp\/v2\/posts"}],"about":[{"href":"https:\/\/www.fundacionveron.org\/en\/wp-json\/wp\/v2\/types\/post"}],"author":[{"embeddable":true,"href":"https:\/\/www.fundacionveron.org\/en\/wp-json\/wp\/v2\/users\/7"}],"replies":[{"embeddable":true,"href":"https:\/\/www.fundacionveron.org\/en\/wp-json\/wp\/v2\/comments?post=1072"}],"version-history":[{"count":0,"href":"https:\/\/www.fundacionveron.org\/en\/wp-json\/wp\/v2\/posts\/1072\/revisions"}],"wp:featuredmedia":[{"embeddable":true,"href":"https:\/\/www.fundacionveron.org\/en\/wp-json\/"}],"wp:attachment":[{"href":"https:\/\/www.fundacionveron.org\/en\/wp-json\/wp\/v2\/media?parent=1072"}],"wp:term":[{"taxonomy":"category","embeddable":true,"href":"https:\/\/www.fundacionveron.org\/en\/wp-json\/wp\/v2\/categories?post=1072"},{"taxonomy":"post_tag","embeddable":true,"href":"https:\/\/www.fundacionveron.org\/en\/wp-json\/wp\/v2\/tags?post=1072"}],"curies":[{"name":"wp","href":"https:\/\/api.w.org\/{rel}","templated":true}]}}