{"id":1066,"date":"2017-09-12T10:46:28","date_gmt":"2017-09-12T08:46:28","guid":{"rendered":"https:\/\/www.fundacionveron.org\/?p=1066"},"modified":"2019-10-09T18:40:31","modified_gmt":"2019-10-09T16:40:31","slug":"10-enlaces-que-te-salvaran-septiembre","status":"publish","type":"post","link":"https:\/\/www.fundacionveron.org\/en\/10-enlaces-que-te-salvaran-septiembre\/","title":{"rendered":"10 enlaces que te salvar\u00e1n septiembre"},"content":{"rendered":"<p style=\"text-align: justify;\"><span style=\"font-weight: 400;\">Septiembre tiene un brillo especial aunque suponga el fin de la despreocupaci\u00f3n veraniega, que por cierto, nunca es total excepto para tres, conviene recordarlo. Septiembre, como si fuera el 1 de enero, supone un inicio que nos reta a fijarnos metas, a superarnos, a lidiar con veinte cosas a la vez hasta que conseguimos instalarnos en una nueva rutina. Es una aut\u00e9ntica moneda con su cara y su cruz en la que te planteas al mismo tiempo c\u00f3mo superar escollos econ\u00f3micos, acomodarte a lo mejor con nuevos compa\u00f1eros de casa, residencia o incluso instalarte en una nueva ciudad, y la seguridad de que eres capaz de llegar a donde quieras.<\/span><\/p>\n<p style=\"text-align: justify;\">\n<p style=\"text-align: justify;\">\n<a href=\"https:\/\/www.fundacionveron.org\/wp-content\/uploads\/2017\/09\/Agrupado-iconos-sept.png\"><img loading=\"lazy\" decoding=\"async\" class=\"aligncenter size-full wp-image-1068\" src=\"https:\/\/www.fundacionveron.org\/wp-content\/uploads\/2017\/09\/Agrupado-iconos-sept.png\" alt=\"Agrupado iconos sept\" width=\"521\" height=\"242\" \/><\/a><span style=\"font-weight: 400;\"><br \/>\nPor eso, para que os quede como biblioteca de recursos, aunque esta vez nuestro art\u00edculo se ci\u00f1a a recursos para o desde territorio espa\u00f1ol, os dejamos una serie de links de todo tipo que nos parecen realmente \u00fatiles para empezar nuevo curso o nueva vida. <\/span><\/p>\n<p style=\"text-align: left;\">\n<p style=\"text-align: left;\"><span style=\"font-weight: 400;\">1- \u00a0<\/span><b>Universidades:<\/b> <b>Universia<\/b><span style=\"font-weight: 400;\">: <\/span><a href=\"http:\/\/www.universia.es\/\"><span style=\"font-weight: 400;\">http:\/\/www.universia.es\/<\/span><\/a><\/p>\n<p style=\"text-align: left;\"><span style=\"font-weight: 400;\">2- <\/span><b>Bibliotecas espa\u00f1olas: <\/b><span style=\"font-weight: 400;\">Facilitado por el Ministerio de Educaci\u00f3n y Cultura <\/span><a href=\"http:\/\/directoriobibliotecas.mcu.es\/presentacion.html\"><span style=\"font-weight: 400;\">http:\/\/directoriobibliotecas.mcu.es\/presentacion.html<\/span><\/a><\/p>\n<p style=\"text-align: left;\"><span style=\"font-weight: 400;\">3- \u00a0<\/span><b>Bibliotecas universitarias europeas.<\/b><span style=\"font-weight: 400;\"> Estupendo trabajo de la Universidad de Granada. <\/span><a href=\"https:\/\/biblioteca.ugr.es\/pages\/biblioteca_electronica\/guias_tematicas\/catalogos_otras_bibliotecas\/biblunieurop\"><span style=\"font-weight: 400;\">https:\/\/biblioteca.ugr.es\/pages\/biblioteca_electronica\/guias_tematicas\/catalogos_otras_bibliotecas\/biblunieurop<\/span><\/a><\/p>\n<p style=\"text-align: left;\"><span style=\"font-weight: 400;\">4- \u00a0<\/span><b>Erasmus<\/b><span style=\"font-weight: 400;\">: Uno de los mayores logros de la UE ha sido la creaci\u00f3n de estas becas, pero para prepararte, aqu\u00ed te dejamos un portal d\u00f3nde podr\u00e1s encontrar mucha, mucha informaci\u00f3n: \u00a0<\/span><a href=\"http:\/\/www.todoerasmus.es\/\"><span style=\"font-weight: 400;\">http:\/\/www.todoerasmus.es\/<\/span><\/a><\/p>\n<p style=\"text-align: left;\"><span style=\"font-weight: 400;\">5- <\/span><b>Becas<\/b><span style=\"font-weight: 400;\">: en este portal se re\u00fane toda la oferta europea, pero hay que tener en cuenta tambi\u00e9n los pr\u00e9stamos que actualmente todas las entidades financieras han elaborado con condiciones especiales para estudiantes y las becas que ofrecen entidades privadas: <\/span><a href=\"http:\/\/www.european-funding-guide.eu\/es\"><span style=\"font-weight: 400;\">http:\/\/www.european-funding-guide.eu\/es<\/span><\/a><\/p>\n<p style=\"text-align: left;\"><span style=\"font-weight: 400;\">6- <\/span><b>Alojamientos<\/b><span style=\"font-weight: 400;\">: Para buscar opciones no s\u00f3lo en Espa\u00f1a sino tambi\u00e9n en otras ciudades europeas un buen sitio por donde empezar es la web de Uniplaces: <\/span><a href=\"https:\/\/www.uniplaces.com\/es\/\"><span style=\"font-weight: 400;\">https:\/\/www.uniplaces.com\/es\/<\/span><\/a><span style=\"font-weight: 400;\"> \u00a0Pero si lo tuyo son las residencias, para Espa\u00f1a s\u00f3lo, puedes dirigirte a la web de Resa : <\/span><a href=\"https:\/\/www.resa.es\/es\/\"><span style=\"font-weight: 400;\">https:\/\/www.resa.es\/es\/<\/span><\/a><\/p>\n<p style=\"text-align: left;\"><span style=\"font-weight: 400;\">7- <\/span><b>Mudanzas:<\/b><span style=\"font-weight: 400;\"> \u00a0Cambiar de ciudad, de pa\u00eds, o simplemente de residencia habitual, supone trasladar un mont\u00f3n de cosas, para eso existe por ejemplo Packlink, un comparador de precios entre empresas de paqueter\u00eda y transporte que te permitir\u00e1 encontrar el precio m\u00e1s conveniente para tus env\u00edos a pr\u00e1cticamente cualquier lugar, \u00a0<\/span><a href=\"https:\/\/www.packlink.es\/\"><span style=\"font-weight: 400;\">https:\/\/www.packlink.es\/<\/span><\/a><\/p>\n<p style=\"text-align: left;\"><span style=\"font-weight: 400;\">8- <\/span><b>Apps para todo: <\/b><span style=\"font-weight: 400;\">Existen innumerables aplicaciones para IOS y Android orientadas a los estudiantes para organizarse, para no perder un s\u00f3lo apunte, para consultar, para aprender idiomas, especializadas o simplmente, para conocer gente o para escanear, <\/span><a href=\"http:\/\/blog.innovaeducacion.es\/20-imprescindibles-apps-para-estudiantes-2017\/\"><span style=\"font-weight: 400;\">http:\/\/blog.innovaeducacion.es\/20-imprescindibles-apps-para-estudiantes-2017\/<\/span><\/a><\/p>\n<p style=\"text-align: left;\"><span style=\"font-weight: 400;\">pero \u00a0yo a\u00f1adir\u00eda \u00a0la de <\/span><b>Cittymapper <\/b><span style=\"font-weight: 400;\">para no perderse por un mont\u00f3n de ciudades.<\/span><\/p>\n<p style=\"text-align: left;\"><span style=\"font-weight: 400;\">9- <\/span><b>Buscar trabajo<\/b><span style=\"font-weight: 400;\"> compatible con los estudios: todo un reto, pero \u00bfqui\u00e9n no se ha dedicado a lo que sea para conseguir un ingreso extra? Existe una web que debes conocer, si todav\u00eda no la has visto, es un buen lugar para empezar o continuar, claro: <\/span><a href=\"https:\/\/www.studentjob.es\/\"><span style=\"font-weight: 400;\">https:\/\/www.studentjob.es\/<\/span><\/a><\/p>\n<p style=\"text-align: left;\"><span style=\"font-weight: 400;\">10- <\/span><b>Vida social<\/b><span style=\"font-weight: 400;\"> cuando eres el nuevo: Creo que ser\u00e1 el menor de los problemas en el inicio de curso, pero a veces uno siente nostalgia de sus hobbies favoritos: la fotograf\u00eda, el senderismo, los libros, la bicicleta, el cine, la comida oriental\u2026 cada uno como es, as\u00ed que bueno, no tardar\u00e1s en hacer amigos pero aqu\u00ed puedes encontrar gente grupos de todo tipo que te ayudar\u00e1n a no perder los buenos h\u00e1bitos. Las opciones que te brindan <\/span><b>MeetUp<\/b><span style=\"font-weight: 400;\"> e <\/span><b>Internations<\/b><span style=\"font-weight: 400;\"> son m\u00e1s que r\u00e1pidas. No tardar\u00e1s nada en sentirte como en casa. <\/span><\/p>","protected":false},"excerpt":{"rendered":"<p>Septiembre tiene un brillo especial aunque suponga el fin de la despreocupaci\u00f3n veraniega, que por&#8230;<\/p>","protected":false},"author":7,"featured_media":1067,"comment_status":"closed","ping_status":"open","sticky":false,"template":"","format":"standard","meta":{"_monsterinsights_skip_tracking":false,"_monsterinsights_sitenote_active":false,"_monsterinsights_sitenote_note":"","_monsterinsights_sitenote_category":0,"_price":"","_stock":"","_tribe_ticket_header":"","_tribe_default_ticket_provider":"","_ticket_start_date":"","_ticket_end_date":"","_tribe_ticket_show_description":"","_tribe_ticket_show_not_going":false,"_tribe_ticket_use_global_stock":"","_tribe_ticket_global_stock_level":"","_global_stock_mode":"","_global_stock_cap":"","_tribe_rsvp_for_event":"","_tribe_ticket_going_count":"","_tribe_ticket_not_going_count":"","_tribe_tickets_list":"[]","_tribe_ticket_has_attendee_info_fields":false,"footnotes":""},"categories":[6],"tags":[15,60],"class_list":["post-1066","post","type-post","status-publish","format-standard","has-post-thumbnail","hentry","category-educacion-juventud-e-innovacion","tag-educacion","tag-estudiar"],"wpcf_dashboard":"<div class=\"woocommerce\"><div class=\"woocommerce-info\">Please log in first? <a class=\"wpneoShowLogin\" href=\"#\">Click here to login<\/a><\/div><div class=\"wpneo_login_form_div\" style=\"display: none;\"><form name=\"loginform\" id=\"loginform\" action=\"https:\/\/www.fundacionveron.org\/en\/gestion\/\" method=\"post\"><p class=\"login-username\">\n\t\t\t\t<label for=\"user_login\">Username or Email Address<\/label>\n\t\t\t\t<input type=\"text\" name=\"log\" id=\"user_login\" autocomplete=\"username\" class=\"input\" value=\"\" size=\"20\" \/>\n\t\t\t<\/p><p class=\"login-password\">\n\t\t\t\t<label for=\"user_pass\">Password<\/label>\n\t\t\t\t<input type=\"password\" name=\"pwd\" id=\"user_pass\" autocomplete=\"current-password\" spellcheck=\"false\" class=\"input\" value=\"\" size=\"20\" \/>\n\t\t\t<\/p><p class=\"login-remember\"><label><input name=\"rememberme\" type=\"checkbox\" id=\"rememberme\" value=\"forever\" \/> Remember Me<\/label><\/p><p class=\"login-submit\">\n\t\t\t\t<input type=\"submit\" name=\"wp-submit\" id=\"wp-submit\" class=\"button button-primary\" value=\"Log In\" \/>\n\t\t\t\t<input type=\"hidden\" name=\"redirect_to\" value=\"https:\/\/www.fundacionveron.org\/en\/wp-json\/wp\/v2\/posts\/1066\" \/>\n\t\t\t<\/p><\/form><\/div><\/div>","_links":{"self":[{"href":"https:\/\/www.fundacionveron.org\/en\/wp-json\/wp\/v2\/posts\/1066","targetHints":{"allow":["GET"]}}],"collection":[{"href":"https:\/\/www.fundacionveron.org\/en\/wp-json\/wp\/v2\/posts"}],"about":[{"href":"https:\/\/www.fundacionveron.org\/en\/wp-json\/wp\/v2\/types\/post"}],"author":[{"embeddable":true,"href":"https:\/\/www.fundacionveron.org\/en\/wp-json\/wp\/v2\/users\/7"}],"replies":[{"embeddable":true,"href":"https:\/\/www.fundacionveron.org\/en\/wp-json\/wp\/v2\/comments?post=1066"}],"version-history":[{"count":0,"href":"https:\/\/www.fundacionveron.org\/en\/wp-json\/wp\/v2\/posts\/1066\/revisions"}],"wp:featuredmedia":[{"embeddable":true,"href":"https:\/\/www.fundacionveron.org\/en\/wp-json\/"}],"wp:attachment":[{"href":"https:\/\/www.fundacionveron.org\/en\/wp-json\/wp\/v2\/media?parent=1066"}],"wp:term":[{"taxonomy":"category","embeddable":true,"href":"https:\/\/www.fundacionveron.org\/en\/wp-json\/wp\/v2\/categories?post=1066"},{"taxonomy":"post_tag","embeddable":true,"href":"https:\/\/www.fundacionveron.org\/en\/wp-json\/wp\/v2\/tags?post=1066"}],"curies":[{"name":"wp","href":"https:\/\/api.w.org\/{rel}","templated":true}]}}