{"id":1056,"date":"2017-09-12T10:42:26","date_gmt":"2017-09-12T08:42:26","guid":{"rendered":"https:\/\/www.fundacionveron.org\/?p=1056"},"modified":"2019-10-09T18:40:32","modified_gmt":"2019-10-09T16:40:32","slug":"participaenelcerdosolidario16septiembre2017","status":"publish","type":"post","link":"https:\/\/www.fundacionveron.org\/en\/participaenelcerdosolidario16septiembre2017\/","title":{"rendered":"SABROSO, \u00daNICO, DIVERTIDO: \u00daNETE"},"content":{"rendered":"<p><b>4\u00ba CERDO SOLIDARIO DE LA FUNDACI\u00d3N VER\u00d3N<\/b><br \/>\n<span style=\"font-weight: 400;\">Dos veces al a\u00f1o la Fundaci\u00f3n Ver\u00f3n convoca a sus amigos, es decir, a TODO EL MUNDO sin excepci\u00f3n, a participar en un evento distinto, con mucha alma y con mucho sabor. Nunca falta el buen humor y un riqu\u00edsimo cerdo asado al espet\u00f3n, que no tiene estrellas Michel\u00edn porque todav\u00eda no lo han descubierto, no por otra raz\u00f3n.<\/span><a href=\"https:\/\/www.fundacionveron.org\/wp-content\/uploads\/2017\/09\/DSO4895.jpg\"><br \/>\n<\/a><br \/>\n<span style=\"font-weight: 400;\">Adem\u00e1s, da igual lo que os guste, se han organizado actividades para todos, seguro que una o dos o tres o cuatro, te apetecen, porque el marco es incomparable y las oportunidades para \u201chacer boca\u201d antes de la comida son&#8230;, bueno, elige la que prefieras, porque \u00e9sa es la \u00fanica mala noticia, son simult\u00e1neas.<\/span><br \/>\n&nbsp;<\/p>\n<h3 style=\"text-align: center;\"><span style=\"color: #ff9900;\">\u00bfQuieres participar?<\/span><\/h3>\n<p style=\"text-align: center;\">Env\u00edanos un email a info@fundacionveron con tu nombre y apellidos, DNI, cu\u00e1ntas personas sois y qu\u00e9 actividad quer\u00e9is realizar.<\/p>\n<p style=\"text-align: center;\">La donaci\u00f3n m\u00ednima es de 10\u20acpor persona. Te diremos c\u00f3mo puedes hacerla.<\/p>\n<p style=\"text-align: center;\"><strong><span style=\"color: #ff9900;\">\u00bfConcretamos?<\/span><\/strong><\/p>\n<p style=\"text-align: center;\"><span style=\"font-weight: 400;\">El pr\u00f3ximo s\u00e1bado 16 de septiembre. Desde las 10:30h las actividades. La comida a las 14h.<\/span><\/p>\n<p style=\"text-align: center;\"><span style=\"font-weight: 400;\">EN LA REAL F\u00c1BRICA DE CRISTALES DE LA GRANJA DE SAN ILDEFONSO<\/span><\/p>\n<p style=\"text-align: center;\"><b>4\u00ba CERDO SOLIDARIO DE LA FUNDACI\u00d3N VER\u00d3N<\/b><\/p>\n<p><a href=\"https:\/\/www.fundacionveron.org\/wp-content\/uploads\/2017\/09\/realfabricadecristales.jpg\"><img loading=\"lazy\" decoding=\"async\" class=\"aligncenter size-full wp-image-1061\" src=\"https:\/\/www.fundacionveron.org\/wp-content\/uploads\/2017\/09\/realfabricadecristales.jpg\" alt=\"realfabricadecristales\" width=\"575\" height=\"323\" \/><\/a><br \/>\n<span style=\"font-weight: 400;\">&#8230;y, si te gusta la aventura y el senderismo:\u00a0<\/span><span style=\"font-weight: 400;\">Descubre las calderas y los rincones que el r\u00edo Cambrones deja a su paso<\/span><br \/>\n&nbsp;<br \/>\n<span style=\"font-weight: 400;\">&#8230;y, si eres un amante del aire libre, la historia, la mitolog\u00eda:\u00a0<\/span><span style=\"font-weight: 400;\">No \u00a0te pierdas la visita a los Jardines del Palacio de La Granja<\/span><br \/>\n&nbsp;<br \/>\n<span style=\"font-weight: 400;\">&#8230;si lo que quieres es explorar algo \u00fanico, con otro sabor:\u00a0<\/span><span style=\"font-weight: 400;\">Imprescindible visita a las destiler\u00edas DYC, la luz, el olor, la cata del whisky espa\u00f1ol <\/span><br \/>\n&nbsp;<br \/>\n<span style=\"font-weight: 400;\">&#8230;o si conocer las t\u00e9cnicas del vidrio, los dise\u00f1os, la magia del color en el cristal:\u00a0<\/span><span style=\"font-weight: 400;\">la visita guiada al Museo de la Real F\u00e1brica de Cristales, te sorprender\u00e1<\/span><br \/>\n&nbsp;<br \/>\n<span style=\"font-weight: 400;\">Adem\u00e1s tu sonrisa ser\u00e1 contagiosa, los 10\u20ac de cada aportaci\u00f3n se destinan a la formaci\u00f3n \u00a0de j\u00f3venes con pocos recursos, que con sus ganas y tu ayuda, afrontan un futuro de otro color. \u00bfImaginas la felicidad que eres capaz de provocar? \u00a0<\/span><br \/>\n<span style=\"font-weight: 400;\">Ven con nosotros y aver\u00edgualo, disfrutar\u00e1s y ser\u00e1s parte de la soluci\u00f3n!!!<\/span><br \/>\n&nbsp;<br \/>\n<span style=\"font-weight: 400;\">Por supuesto, adem\u00e1s de vuestra ayuda hemos recibido otras, que no se pueden obviar, as\u00ed que: <\/span> <span style=\"font-weight: 400;\">GRACIAS Cervezas Yria, <a href=\"http:\/\/www.cervezaslacibeles.com\/\">Cervezas La Cibeles<\/a>, <a href=\"http:\/\/laquincebrewery.com\/\">Cervezas La Quince<\/a>, Heineken, millones de gracias a nuestros v<\/span><span style=\"font-weight: 400;\">oluntarios y por supuesto a Fundaci\u00f3n centro Nacional del Vidrio por cedernos el espacio para el evento.\u00a0<\/span><br \/>\n&nbsp;<\/p>","protected":false},"excerpt":{"rendered":"<p>4\u00ba CERDO SOLIDARIO DE LA FUNDACI\u00d3N VER\u00d3N Dos veces al a\u00f1o la Fundaci\u00f3n Ver\u00f3n convoca&#8230;<\/p>","protected":false},"author":7,"featured_media":1057,"comment_status":"closed","ping_status":"open","sticky":false,"template":"","format":"standard","meta":{"_monsterinsights_skip_tracking":false,"_monsterinsights_sitenote_active":false,"_monsterinsights_sitenote_note":"","_monsterinsights_sitenote_category":0,"_price":"","_stock":"","_tribe_ticket_header":"","_tribe_default_ticket_provider":"","_ticket_start_date":"","_ticket_end_date":"","_tribe_ticket_show_description":"","_tribe_ticket_show_not_going":false,"_tribe_ticket_use_global_stock":"","_tribe_ticket_global_stock_level":"","_global_stock_mode":"","_global_stock_cap":"","_tribe_rsvp_for_event":"","_tribe_ticket_going_count":"","_tribe_ticket_not_going_count":"","_tribe_tickets_list":"[]","_tribe_ticket_has_attendee_info_fields":false,"footnotes":""},"categories":[4],"tags":[53,52],"class_list":["post-1056","post","type-post","status-publish","format-standard","has-post-thumbnail","hentry","category-fundacion-veron-en-espana","tag-cerdo-solidario","tag-evento-solidario"],"wpcf_dashboard":"<div class=\"woocommerce\"><div class=\"woocommerce-info\">Please log in first? <a class=\"wpneoShowLogin\" href=\"#\">Click here to login<\/a><\/div><div class=\"wpneo_login_form_div\" style=\"display: none;\"><form name=\"loginform\" id=\"loginform\" action=\"https:\/\/www.fundacionveron.org\/en\/gestion\/\" method=\"post\"><p class=\"login-username\">\n\t\t\t\t<label for=\"user_login\">Username or Email Address<\/label>\n\t\t\t\t<input type=\"text\" name=\"log\" id=\"user_login\" autocomplete=\"username\" class=\"input\" value=\"\" size=\"20\" \/>\n\t\t\t<\/p><p class=\"login-password\">\n\t\t\t\t<label for=\"user_pass\">Password<\/label>\n\t\t\t\t<input type=\"password\" name=\"pwd\" id=\"user_pass\" autocomplete=\"current-password\" spellcheck=\"false\" class=\"input\" value=\"\" size=\"20\" \/>\n\t\t\t<\/p><p class=\"login-remember\"><label><input name=\"rememberme\" type=\"checkbox\" id=\"rememberme\" value=\"forever\" \/> Remember Me<\/label><\/p><p class=\"login-submit\">\n\t\t\t\t<input type=\"submit\" name=\"wp-submit\" id=\"wp-submit\" class=\"button button-primary\" value=\"Log In\" \/>\n\t\t\t\t<input type=\"hidden\" name=\"redirect_to\" value=\"https:\/\/www.fundacionveron.org\/en\/wp-json\/wp\/v2\/posts\/1056\" \/>\n\t\t\t<\/p><\/form><\/div><\/div>","_links":{"self":[{"href":"https:\/\/www.fundacionveron.org\/en\/wp-json\/wp\/v2\/posts\/1056","targetHints":{"allow":["GET"]}}],"collection":[{"href":"https:\/\/www.fundacionveron.org\/en\/wp-json\/wp\/v2\/posts"}],"about":[{"href":"https:\/\/www.fundacionveron.org\/en\/wp-json\/wp\/v2\/types\/post"}],"author":[{"embeddable":true,"href":"https:\/\/www.fundacionveron.org\/en\/wp-json\/wp\/v2\/users\/7"}],"replies":[{"embeddable":true,"href":"https:\/\/www.fundacionveron.org\/en\/wp-json\/wp\/v2\/comments?post=1056"}],"version-history":[{"count":0,"href":"https:\/\/www.fundacionveron.org\/en\/wp-json\/wp\/v2\/posts\/1056\/revisions"}],"wp:featuredmedia":[{"embeddable":true,"href":"https:\/\/www.fundacionveron.org\/en\/wp-json\/"}],"wp:attachment":[{"href":"https:\/\/www.fundacionveron.org\/en\/wp-json\/wp\/v2\/media?parent=1056"}],"wp:term":[{"taxonomy":"category","embeddable":true,"href":"https:\/\/www.fundacionveron.org\/en\/wp-json\/wp\/v2\/categories?post=1056"},{"taxonomy":"post_tag","embeddable":true,"href":"https:\/\/www.fundacionveron.org\/en\/wp-json\/wp\/v2\/tags?post=1056"}],"curies":[{"name":"wp","href":"https:\/\/api.w.org\/{rel}","templated":true}]}}