{"id":1022,"date":"2017-08-24T08:50:21","date_gmt":"2017-08-24T06:50:21","guid":{"rendered":"https:\/\/www.fundacionveron.org\/?p=1022"},"modified":"2019-07-04T11:54:23","modified_gmt":"2019-07-04T09:54:23","slug":"un-evento-para-chuparse-los-dedos-no-te-lo-pierdas-2","status":"publish","type":"post","link":"https:\/\/www.fundacionveron.org\/en\/un-evento-para-chuparse-los-dedos-no-te-lo-pierdas-2\/","title":{"rendered":"Un evento para chuparse los dedos \u00a1No te lo pierdas!"},"content":{"rendered":"<p>\t\t\t\t<b>No te lo puedes perder. IV Cerdo Solidario de la Fundaci\u00f3n Ver\u00f3n<\/b><br \/>\nConjugar la solidaridad con un rato agradable, divertido y algo m\u00e1s, es el reto que la Fundaci\u00f3n Ver\u00f3n asume con sus \u201cCerdos Solidarios\u201d. Todo lo que se recauda, se destina a nuestros proyectos, principalmente en Honduras, los chicos de all\u00ed, que no lo tienen nada f\u00e1cil, merecen una educaci\u00f3n de calidad y una posibilidad digna de integrarse en el mercado laboral, entre todos, es posible..<br \/>\nEn esta ocasi\u00f3n despedimos el verano en LA GRANJA DE SAN ILDEFONSO. Un lugar m\u00e1gico, lleno de posibilidades, que hace algo m\u00e1s de un a\u00f1o, nos depar\u00f3 unas experiencias fant\u00e1sticas. Por eso, con otras actividades, eso s\u00ed, volvemos a reunirnos all\u00ed el pr\u00f3ximo 16 de septiembre a eso de las 10:30. Ven con nosotros, no te arrepentir\u00e1s, te aseguramos buen ambiente y mejor causa. No s\u00f3lo podr\u00e1s degustar un riqu\u00edsimo cerdo asado al espet\u00f3n, tambi\u00e9n te retamos a unirte a cualquiera de las actividades que organizamos.<br \/>\n<strong>A las 10:30 convocamos para las actividades.<\/strong>\u00a0Puedes elegir una entre estas cuatro:<\/p>\n<ul>\n<li class=\"gmail_default\"><strong>Actividad 1:<\/strong>\u00a0Ruta La Sa\u00faca- Las Calderas. F\u00e1cil 2horas. Plazas ilimitadas.\u00a0<a href=\"https:\/\/www.fundacionveron.org\/wp-content\/uploads\/2017\/08\/UN-PASEO-POR-EL-ESPECTACULAR-ENTORNO-DE-LA-GRANJA-1.pdf\" target=\"_blank\" rel=\"noopener noreferrer\">VER ACTIVIDAD<\/a><\/li>\n<li class=\"gmail_default\"><strong>Actividad 2:<\/strong>\u00a0Visita a la Destiler\u00eda Whisky DYC y Larios. 2horas. Entrada 5 euros, 40 plazas disponibles. Hay que ir en coche.\u00a0<a href=\"https:\/\/www.fundacionveron.org\/wp-content\/uploads\/2017\/08\/QUIERES-SABER-C%C3%93MO-SE-HACE.pdf\" target=\"_blank\" rel=\"noopener noreferrer\">VER ACTIVIDAD<\/a><\/li>\n<li class=\"gmail_default\"><strong>Actividad 3:<\/strong>\u00a0Paseo guiado por los Jardines del Palacio de la Granja. Plazas ilimitadas.\u00a0<a href=\"https:\/\/www.fundacionveron.org\/wp-content\/uploads\/2017\/08\/TU-VISITA-A-LOS-JARDINES-DE-LA-GRANJA.pdf\" target=\"_blank\" rel=\"noopener noreferrer\">VER ACTIVIDAD<\/a><\/li>\n<li class=\"gmail_default\"><strong>Actividad 4:<\/strong>\u00a0Visita guiada al Museo del Vidrio. Entrada 5 euros, 50 plazas.\u00a0<a href=\"https:\/\/www.fundacionveron.org\/wp-content\/uploads\/2017\/08\/VISITA-AL-MUSEO-DE-LA-REAL-F%C3%81BRICA-DE-CRISTALES-DE-LA-GRANJA.pdf\" target=\"_blank\" rel=\"noopener noreferrer\">VER ACTIVIDAD<\/a><\/li>\n<\/ul>\n<p><strong>A las 13:30h comienza la comida\u00a0<\/strong>\u00a1Rico Cerdo al Espet\u00f3n!<br \/>\n<strong>\u00bfC\u00f3mo participar?<\/strong>\u00a0Env\u00edanos un email a<strong>\u00a0info@fundacionveron.org\u00a0<\/strong>con el n\u00famero de personas que sois, Nombre y Apellidos, DNI del donante y la actividad que quer\u00e9is realizar, o bien si vienes directamente a la comida. Si eres FILA CERO d\u00ednoslo.<br \/>\n<strong>\u00bfC\u00f3mo hago mi aportaci\u00f3n?<\/strong>\u00a0La participaci\u00f3n m\u00ednima voluntaria es de 10\u20ac por persona y est\u00e1 dirigido para apoyar al proyecto\u00a0<a href=\"https:\/\/www.facebook.com\/escueladelvidriohonduras\/?sw_fnr_id=2507280746&amp;fnr_t=0\">Escuela del Vidrio de Honduras<\/a>. Puedes hacerlo con tarjeta de cr\u00e9dito o por transferencia bancaria en\u00a0<a href=\"https:\/\/www.fundacionveron.org\/haz-tu-donacion\/\">ESTE ENLACE<\/a>\u00a0\u00a0Si no puedes av\u00edsanos\u00a0?\u00a0y lo haces a la entrada del evento<\/p>\n<p style=\"text-align: justify;\"><span style=\"font-weight: 400;\">\u00a0<\/span><\/p>\n<p style=\"text-align: justify;\">","protected":false},"excerpt":{"rendered":"<p>No te lo puedes perder. IV Cerdo Solidario de la Fundaci\u00f3n Ver\u00f3n Conjugar la solidaridad&#8230;<\/p>","protected":false},"author":8,"featured_media":1037,"comment_status":"closed","ping_status":"open","sticky":false,"template":"","format":"standard","meta":{"_monsterinsights_skip_tracking":false,"_monsterinsights_sitenote_active":false,"_monsterinsights_sitenote_note":"","_monsterinsights_sitenote_category":0,"_price":"","_stock":"","_tribe_ticket_header":"","_tribe_default_ticket_provider":"","_ticket_start_date":"","_ticket_end_date":"","_tribe_ticket_show_description":"","_tribe_ticket_show_not_going":false,"_tribe_ticket_use_global_stock":"","_tribe_ticket_global_stock_level":"","_global_stock_mode":"","_global_stock_cap":"","_tribe_rsvp_for_event":"","_tribe_ticket_going_count":"","_tribe_ticket_not_going_count":"","_tribe_tickets_list":"[]","_tribe_ticket_has_attendee_info_fields":false,"footnotes":""},"categories":[4],"tags":[],"class_list":["post-1022","post","type-post","status-publish","format-standard","has-post-thumbnail","hentry","category-fundacion-veron-en-espana"],"wpcf_dashboard":"<div class=\"woocommerce\"><div class=\"woocommerce-info\">Please log in first? <a class=\"wpneoShowLogin\" href=\"#\">Click here to login<\/a><\/div><div class=\"wpneo_login_form_div\" style=\"display: none;\"><form name=\"loginform\" id=\"loginform\" action=\"https:\/\/www.fundacionveron.org\/en\/gestion\/\" method=\"post\"><p class=\"login-username\">\n\t\t\t\t<label for=\"user_login\">Username or Email Address<\/label>\n\t\t\t\t<input type=\"text\" name=\"log\" id=\"user_login\" autocomplete=\"username\" class=\"input\" value=\"\" size=\"20\" \/>\n\t\t\t<\/p><p class=\"login-password\">\n\t\t\t\t<label for=\"user_pass\">Password<\/label>\n\t\t\t\t<input type=\"password\" name=\"pwd\" id=\"user_pass\" autocomplete=\"current-password\" spellcheck=\"false\" class=\"input\" value=\"\" size=\"20\" \/>\n\t\t\t<\/p><p class=\"login-remember\"><label><input name=\"rememberme\" type=\"checkbox\" id=\"rememberme\" value=\"forever\" \/> Remember Me<\/label><\/p><p class=\"login-submit\">\n\t\t\t\t<input type=\"submit\" name=\"wp-submit\" id=\"wp-submit\" class=\"button button-primary\" value=\"Log In\" \/>\n\t\t\t\t<input type=\"hidden\" name=\"redirect_to\" value=\"https:\/\/www.fundacionveron.org\/en\/wp-json\/wp\/v2\/posts\/1022\" \/>\n\t\t\t<\/p><\/form><\/div><\/div>","_links":{"self":[{"href":"https:\/\/www.fundacionveron.org\/en\/wp-json\/wp\/v2\/posts\/1022","targetHints":{"allow":["GET"]}}],"collection":[{"href":"https:\/\/www.fundacionveron.org\/en\/wp-json\/wp\/v2\/posts"}],"about":[{"href":"https:\/\/www.fundacionveron.org\/en\/wp-json\/wp\/v2\/types\/post"}],"author":[{"embeddable":true,"href":"https:\/\/www.fundacionveron.org\/en\/wp-json\/wp\/v2\/users\/8"}],"replies":[{"embeddable":true,"href":"https:\/\/www.fundacionveron.org\/en\/wp-json\/wp\/v2\/comments?post=1022"}],"version-history":[{"count":0,"href":"https:\/\/www.fundacionveron.org\/en\/wp-json\/wp\/v2\/posts\/1022\/revisions"}],"wp:featuredmedia":[{"embeddable":true,"href":"https:\/\/www.fundacionveron.org\/en\/wp-json\/"}],"wp:attachment":[{"href":"https:\/\/www.fundacionveron.org\/en\/wp-json\/wp\/v2\/media?parent=1022"}],"wp:term":[{"taxonomy":"category","embeddable":true,"href":"https:\/\/www.fundacionveron.org\/en\/wp-json\/wp\/v2\/categories?post=1022"},{"taxonomy":"post_tag","embeddable":true,"href":"https:\/\/www.fundacionveron.org\/en\/wp-json\/wp\/v2\/tags?post=1022"}],"curies":[{"name":"wp","href":"https:\/\/api.w.org\/{rel}","templated":true}]}}