{"id":1006,"date":"2017-08-11T08:55:45","date_gmt":"2017-08-11T06:55:45","guid":{"rendered":"https:\/\/www.fundacionveron.org\/?p=1006"},"modified":"2022-04-01T10:40:39","modified_gmt":"2022-04-01T08:40:39","slug":"veranoveronhonduras","status":"publish","type":"post","link":"https:\/\/www.fundacionveron.org\/en\/veranoveronhonduras\/","title":{"rendered":"El intenso verano de Fundaci\u00f3n Ver\u00f3n en Honduras"},"content":{"rendered":"<p style=\"text-align: justify;\"><span style=\"font-weight: 400;\">Lo anticipamos en el anterior post, la Fundaci\u00f3n Ver\u00f3n ha estado trabajando sobre el terreno en el proyecto de La Escuela del Vidrio en Honduras y ha sido incre\u00edble. <\/span><\/p>\n<p style=\"text-align: justify;\"><span style=\"font-weight: 400;\">Fomentar las relaciones institucionales, impartir formaci\u00f3n, participar en actos, crear eventos, buscar mil maneras de mejorar en la administraci\u00f3n, en los contenidos curriculares para ganar empleabilidad, motivar, corregir, coordinar el voluntariado, proyectar, o\u00edr de primera mano el devenir de la escuela, hacer seguimiento de aquellos alumnos que ya se han graduado, \u2026 CRECER. \u00a0<\/span><\/p>\n<p style=\"text-align: justify;\"><span style=\"font-weight: 400;\">\u00bfQuer\u00e9is verlo? <\/span><\/p>\n<p style=\"text-align: justify;\"><a href=\"https:\/\/www.fundacionveron.org\/wp-content\/uploads\/2017\/08\/Relaciones-Institucionales.png\"><img loading=\"lazy\" decoding=\"async\" class=\"aligncenter size-full wp-image-1002\" src=\"https:\/\/www.fundacionveron.org\/wp-content\/uploads\/2017\/08\/Relaciones-Institucionales.png\" alt=\"Relaciones Institucionales\" width=\"1031\" height=\"292\" \/><\/a><\/p>\n<p style=\"text-align: justify;\"><a href=\"https:\/\/www.fundacionveron.org\/wp-content\/uploads\/2017\/08\/Formaci\u00f3n.png\"><img loading=\"lazy\" decoding=\"async\" class=\"aligncenter size-full wp-image-1000\" src=\"https:\/\/www.fundacionveron.org\/wp-content\/uploads\/2017\/08\/Formaci\u00f3n.png\" alt=\"Formaci\u00f3n\" width=\"1164\" height=\"339\" \/><\/a><\/p>\n<p style=\"text-align: justify;\">\n<p style=\"text-align: justify;\"><a href=\"https:\/\/www.fundacionveron.org\/wp-content\/uploads\/2017\/08\/Eventos.png\"><img loading=\"lazy\" decoding=\"async\" class=\"aligncenter size-full wp-image-999\" src=\"https:\/\/www.fundacionveron.org\/wp-content\/uploads\/2017\/08\/Eventos.png\" alt=\"Eventos\" width=\"971\" height=\"314\" \/><\/a><\/p>\n<p style=\"text-align: justify;\"><a href=\"https:\/\/www.fundacionveron.org\/wp-content\/uploads\/2017\/08\/Varios.png\"><img loading=\"lazy\" decoding=\"async\" class=\"aligncenter size-full wp-image-1004\" src=\"https:\/\/www.fundacionveron.org\/wp-content\/uploads\/2017\/08\/Varios.png\" alt=\"Varios\" width=\"985\" height=\"351\" \/><\/a><\/p>\n<p style=\"text-align: justify;\"><span style=\"font-weight: 400;\">Esto es s\u00f3lo una muestra de la actividad desarrollada all\u00ed porque cada segundo contaba. Marta, a la que ya conoc\u00e9is por otros post y por los videos que publica en Facebook, ha alargado las jornadas para su m\u00e1ximo aprovechamiento tocando todos los palos, acad\u00e9micos, administrativos, de marketing y comunicaci\u00f3n&#8230; <\/span><\/p>\n<p style=\"text-align: justify;\"><span style=\"font-weight: 400;\">El proyecto de la Escuela del Vidrio en El Progreso es una realidad que est\u00e1 dando sus frutos. All\u00ed su notoriedad es cada vez mayor. Los medios se hacen eco de sus actividades porque son conscientes de que la educaci\u00f3n y, en especial, la educaci\u00f3n t\u00e9cnica, son fundamentales \u00a0para brindar un futuro digno a los j\u00f3venes que no cuentan con muchos recursos, pero honesta y humildemente nos gustar\u00eda concienciaros de que hace falta m\u00e1s, hace falta el apoyo de todos para seguir adelante. <\/span><\/p>\n<h2 style=\"text-align: center;\"><strong>\u00bfQuieres ser parte de la soluci\u00f3n? \u00a0Habla de nosotros, comparte, s\u00edguenos en las redes, participa en nuestros eventos o, mejor, <a href=\"https:\/\/www.fundacionveron.org\/hazte-socio\/\"><span style=\"color: #0000ff;\">hazte socio<\/span><\/a>!<\/strong><\/h2>\n<p><a href=\"https:\/\/www.fundacionveron.org\/wp-content\/uploads\/2017\/08\/separtedelasolucion.jpg\"><img loading=\"lazy\" decoding=\"async\" class=\"aligncenter size-full wp-image-1007\" src=\"https:\/\/www.fundacionveron.org\/wp-content\/uploads\/2017\/08\/separtedelasolucion.jpg\" alt=\"#separtedelasolucion\" width=\"1282\" height=\"783\" \/><\/a>\t\t<\/p>","protected":false},"excerpt":{"rendered":"<p>Lo anticipamos en el anterior post, la Fundaci\u00f3n Ver\u00f3n ha estado trabajando sobre el terreno&#8230;<\/p>","protected":false},"author":8,"featured_media":1011,"comment_status":"closed","ping_status":"open","sticky":false,"template":"","format":"standard","meta":{"_monsterinsights_skip_tracking":false,"_monsterinsights_sitenote_active":false,"_monsterinsights_sitenote_note":"","_monsterinsights_sitenote_category":0,"_price":"","_stock":"","_tribe_ticket_header":"","_tribe_default_ticket_provider":"","_ticket_start_date":"","_ticket_end_date":"","_tribe_ticket_show_description":"","_tribe_ticket_show_not_going":false,"_tribe_ticket_use_global_stock":"","_tribe_ticket_global_stock_level":"","_global_stock_mode":"","_global_stock_cap":"","_tribe_rsvp_for_event":"","_tribe_ticket_going_count":"","_tribe_ticket_not_going_count":"","_tribe_tickets_list":"[]","_tribe_ticket_has_attendee_info_fields":false,"footnotes":""},"categories":[5],"tags":[31,28,23,25,46],"class_list":["post-1006","post","type-post","status-publish","format-standard","has-post-thumbnail","hentry","category-fundacion-veron-en-honduras","tag-cooperacion-internacional","tag-escuela-del-vidrio","tag-fundacion-veron","tag-honduras","tag-verano"],"wpcf_dashboard":"<div class=\"woocommerce\"><div class=\"woocommerce-info\">Please log in first? <a class=\"wpneoShowLogin\" href=\"#\">Click here to login<\/a><\/div><div class=\"wpneo_login_form_div\" style=\"display: none;\"><form name=\"loginform\" id=\"loginform\" action=\"https:\/\/www.fundacionveron.org\/en\/gestion\/\" method=\"post\"><p class=\"login-username\">\n\t\t\t\t<label for=\"user_login\">Username or Email Address<\/label>\n\t\t\t\t<input type=\"text\" name=\"log\" id=\"user_login\" autocomplete=\"username\" class=\"input\" value=\"\" size=\"20\" \/>\n\t\t\t<\/p><p class=\"login-password\">\n\t\t\t\t<label for=\"user_pass\">Password<\/label>\n\t\t\t\t<input type=\"password\" name=\"pwd\" id=\"user_pass\" autocomplete=\"current-password\" spellcheck=\"false\" class=\"input\" value=\"\" size=\"20\" \/>\n\t\t\t<\/p><p class=\"login-remember\"><label><input name=\"rememberme\" type=\"checkbox\" id=\"rememberme\" value=\"forever\" \/> Remember Me<\/label><\/p><p class=\"login-submit\">\n\t\t\t\t<input type=\"submit\" name=\"wp-submit\" id=\"wp-submit\" class=\"button button-primary\" value=\"Log In\" \/>\n\t\t\t\t<input type=\"hidden\" name=\"redirect_to\" value=\"https:\/\/www.fundacionveron.org\/en\/wp-json\/wp\/v2\/posts\/1006\" \/>\n\t\t\t<\/p><\/form><\/div><\/div>","_links":{"self":[{"href":"https:\/\/www.fundacionveron.org\/en\/wp-json\/wp\/v2\/posts\/1006","targetHints":{"allow":["GET"]}}],"collection":[{"href":"https:\/\/www.fundacionveron.org\/en\/wp-json\/wp\/v2\/posts"}],"about":[{"href":"https:\/\/www.fundacionveron.org\/en\/wp-json\/wp\/v2\/types\/post"}],"author":[{"embeddable":true,"href":"https:\/\/www.fundacionveron.org\/en\/wp-json\/wp\/v2\/users\/8"}],"replies":[{"embeddable":true,"href":"https:\/\/www.fundacionveron.org\/en\/wp-json\/wp\/v2\/comments?post=1006"}],"version-history":[{"count":0,"href":"https:\/\/www.fundacionveron.org\/en\/wp-json\/wp\/v2\/posts\/1006\/revisions"}],"wp:featuredmedia":[{"embeddable":true,"href":"https:\/\/www.fundacionveron.org\/en\/wp-json\/"}],"wp:attachment":[{"href":"https:\/\/www.fundacionveron.org\/en\/wp-json\/wp\/v2\/media?parent=1006"}],"wp:term":[{"taxonomy":"category","embeddable":true,"href":"https:\/\/www.fundacionveron.org\/en\/wp-json\/wp\/v2\/categories?post=1006"},{"taxonomy":"post_tag","embeddable":true,"href":"https:\/\/www.fundacionveron.org\/en\/wp-json\/wp\/v2\/tags?post=1006"}],"curies":[{"name":"wp","href":"https:\/\/api.w.org\/{rel}","templated":true}]}}